{"id":913,"date":"2025-12-18T03:42:23","date_gmt":"2025-12-18T03:42:23","guid":{"rendered":"https:\/\/tousbatterie.com\/blogs\/?p=913"},"modified":"2025-12-22T01:26:44","modified_gmt":"2025-12-22T01:26:44","slug":"macbook-pro-m5-un-bond-en-performances-mais-des-absents-notables","status":"publish","type":"post","link":"https:\/\/tousbatterie.com\/blogs\/2025\/12\/18\/macbook-pro-m5-un-bond-en-performances-mais-des-absents-notables\/","title":{"rendered":"MacBook Pro M5 : un bond en performances, mais des absents notables"},"content":{"rendered":"\n<p>Apple a d\u00e9voil\u00e9 son <strong>processeur M5<\/strong>, qui \u00e9quipera le nouvel iPad Pro, le casque Vision Pro, ainsi qu\u2019un <strong>MacBook Pro 14 pouces<\/strong>. Ce lancement, effectu\u00e9 via communiqu\u00e9 de presse le 15 octobre, marque l\u2019arriv\u00e9e de cette puce de derni\u00e8re g\u00e9n\u00e9ration, mais suscite des interrogations chez les fans.<\/p>\n\n\n\n<hr class=\"wp-block-separator has-alpha-channel-opacity\"\/>\n\n\n\n<h2 class=\"wp-block-heading\">\ud83d\udd39 Performances techniques du MacBook Pro M5<\/h2>\n\n\n\n<p>Le <strong>MacBook Pro M5 14 pouces<\/strong> est dot\u00e9 d\u2019un processeur 10 c\u0153urs (CPU), 10 c\u0153urs graphiques (GPU) et 16 c\u0153urs d\u00e9di\u00e9s \u00e0 l\u2019intelligence artificielle (NPU). Selon Apple, les performances IA sont multipli\u00e9es par 3,5 par rapport au M4, et les performances graphiques augmentent de 60 %.<\/p>\n\n\n\n<p>Le stockage SSD est \u00e9galement am\u00e9lior\u00e9, particuli\u00e8rement utile pour le traitement de photos et vid\u00e9os RAW. L\u2019autonomie reste stable \u00e0 <strong>24 heures en streaming vid\u00e9o<\/strong>, et l\u2019\u00e9cran Liquid Retina XDR offre une luminosit\u00e9 HDR de 1\u202f600 nits avec un taux de rafra\u00eechissement variable jusqu\u2019\u00e0 120\u202fHz.<\/p>\n\n\n\n<p>Le MacBook Pro M5 propose \u00e9galement :<\/p>\n\n\n\n<ul class=\"wp-block-list\">\n<li>16 ou 24 Go de m\u00e9moire unifi\u00e9e<\/li>\n\n\n\n<li>512\u202fGo ou 1\u202fTo de SSD<\/li>\n\n\n\n<li>Wi-Fi 6E, Bluetooth 5.3<\/li>\n\n\n\n<li>Trois ports Thunderbolt 4 (USB-C), HDMI, lecteur de carte SDXC, prise casque 3,5 mm, MagSafe 3<\/li>\n\n\n\n<li>Cam\u00e9ra Center Stage 12 Mpx<\/li>\n<\/ul>\n\n\n\n<hr class=\"wp-block-separator has-alpha-channel-opacity\"\/>\n\n\n\n<h2 class=\"wp-block-heading\">\ud83d\udd39 Des choix techniques discutables<\/h2>\n\n\n\n<p>Malgr\u00e9 ces avanc\u00e9es, plusieurs points interrogent :<\/p>\n\n\n\n<ol class=\"wp-block-list\">\n<li><strong>Absence des versions Pro et Max du M5<\/strong> : seuls les mod\u00e8les de base sont disponibles pour le moment. Les M5 Pro et Max, plus puissants, ne seront commercialis\u00e9s qu\u2019au d\u00e9but de l\u2019ann\u00e9e prochaine.<\/li>\n\n\n\n<li><strong>\u00c9cran mini-LED<\/strong> : Apple conserve la technologie Liquid Retina XDR, alors que certains concurrents sont d\u00e9j\u00e0 pass\u00e9s \u00e0 l\u2019OLED.<\/li>\n\n\n\n<li><strong>Connectique limit\u00e9e<\/strong> : retour au Thunderbolt 4, pas de Wi-Fi 7.<\/li>\n\n\n\n<li><strong>Accessoires<\/strong> : le chargeur n\u2019est plus inclus dans la bo\u00eete. Pour un fonctionnement optimal, il est recommand\u00e9 d\u2019acheter un <a href=\"https:\/\/www.tousbatterie.com\/brand-apple-1-laptop_adapter\">chargeur pour ordinateur portable Apple<\/a> adapt\u00e9, disponible sur tousbatterie.com. Les mod\u00e8les co\u00fbtent entre 65 \u20ac et 85 \u20ac selon la puissance.<\/li>\n<\/ol>\n\n\n\n<hr class=\"wp-block-separator has-alpha-channel-opacity\"\/>\n\n\n\n<h2 class=\"wp-block-heading\">\ud83d\udd39 Prix et disponibilit\u00e9<\/h2>\n\n\n\n<p>Le MacBook Pro M5 14 pouces est propos\u00e9 en pr\u00e9commande \u00e0 <strong>1\u202f799 \u20ac<\/strong>, soit 100 \u20ac de moins que le mod\u00e8le pr\u00e9c\u00e9dent. La disponibilit\u00e9 est pr\u00e9vue \u00e0 partir du <strong>22 octobre<\/strong>. Les versions 14 et 16 pouces avec M4 Pro et M4 Max restent au catalogue jusqu\u2019au d\u00e9but de l\u2019ann\u00e9e prochaine.<\/p>\n\n\n\n<hr class=\"wp-block-separator has-alpha-channel-opacity\"\/>\n\n\n\n<h2 class=\"wp-block-heading\">\ud83d\udd39 Conseils pour les utilisateurs<\/h2>\n\n\n\n<ul class=\"wp-block-list\">\n<li>Pour profiter pleinement de votre MacBook Pro M5, pensez \u00e0 vous \u00e9quiper d\u2019un <a href=\"https:\/\/www.tousbatterie.com\/brand-apple-1-laptop_adapter\">chargeur ordinateur portable Apple<\/a>.<\/li>\n\n\n\n<li>V\u00e9rifiez la compatibilit\u00e9 de vos accessoires USB-C et HDMI avec le nouvel appareil.<\/li>\n\n\n\n<li>Pour les professionnels et cr\u00e9ateurs, l\u2019absence des versions Pro\/Max limite les performances graphiques et le multit\u00e2che lourd.<\/li>\n<\/ul>\n\n\n\n<p>En r\u00e9sum\u00e9, le <strong>MacBook Pro M5<\/strong> marque une \u00e9volution notable gr\u00e2ce \u00e0 son processeur et ses performances IA, mais certains choix techniques et accessoires doivent \u00eatre pris en compte. Pour une utilisation optimale, n\u2019oubliez pas de vous procurer un <a href=\"https:\/\/www.tousbatterie.com\/brand-apple-1-laptop_adapter\">chargeur ordinateur portable Apple<\/a> fiable.<\/p>\n","protected":false},"excerpt":{"rendered":"<p>Apple a d\u00e9voil\u00e9 son processeur M5, qui \u00e9quipera le nouvel iPad Pro, le casque Vision Pro, ainsi qu\u2019un MacBook Pro<\/p>\n","protected":false},"author":1,"featured_media":0,"comment_status":"open","ping_status":"open","sticky":false,"template":"","format":"standard","meta":{"saved_in_kubio":false,"footnotes":""},"categories":[182],"tags":[218],"class_list":["post-913","post","type-post","status-publish","format-standard","hentry","category-chargeur-ordinateur-portable","tag-macbook-pro-m5"],"yoast_head":"<!-- This site is optimized with the Yoast SEO plugin v23.8 - https:\/\/yoast.com\/wordpress\/plugins\/seo\/ -->\n<title>MacBook Pro M5 : un bond en performances, mais des absents notables - Tousbatterie Blog<\/title>\n<meta name=\"robots\" content=\"index, follow, max-snippet:-1, max-image-preview:large, max-video-preview:-1\" \/>\n<link rel=\"canonical\" href=\"https:\/\/tousbatterie.com\/blogs\/2025\/12\/18\/macbook-pro-m5-un-bond-en-performances-mais-des-absents-notables\/\" \/>\n<meta property=\"og:locale\" content=\"fr_FR\" \/>\n<meta property=\"og:type\" content=\"article\" \/>\n<meta property=\"og:title\" content=\"MacBook Pro M5 : un bond en performances, mais des absents notables - Tousbatterie Blog\" \/>\n<meta property=\"og:description\" content=\"Apple a d\u00e9voil\u00e9 son processeur M5, qui \u00e9quipera le nouvel iPad Pro, le casque Vision Pro, ainsi qu\u2019un MacBook Pro\" \/>\n<meta property=\"og:url\" content=\"https:\/\/tousbatterie.com\/blogs\/2025\/12\/18\/macbook-pro-m5-un-bond-en-performances-mais-des-absents-notables\/\" \/>\n<meta property=\"og:site_name\" content=\"Tousbatterie Blog\" \/>\n<meta property=\"article:published_time\" content=\"2025-12-18T03:42:23+00:00\" \/>\n<meta property=\"article:modified_time\" content=\"2025-12-22T01:26:44+00:00\" \/>\n<meta name=\"author\" content=\"admin\" \/>\n<meta name=\"twitter:card\" content=\"summary_large_image\" \/>\n<meta name=\"twitter:label1\" content=\"\u00c9crit par\" \/>\n\t<meta name=\"twitter:data1\" content=\"admin\" \/>\n\t<meta name=\"twitter:label2\" content=\"Dur\u00e9e de lecture estim\u00e9e\" \/>\n\t<meta name=\"twitter:data2\" content=\"3 minutes\" \/>\n<script type=\"application\/ld+json\" class=\"yoast-schema-graph\">{\"@context\":\"https:\/\/schema.org\",\"@graph\":[{\"@type\":\"Article\",\"@id\":\"https:\/\/tousbatterie.com\/blogs\/2025\/12\/18\/macbook-pro-m5-un-bond-en-performances-mais-des-absents-notables\/#article\",\"isPartOf\":{\"@id\":\"https:\/\/tousbatterie.com\/blogs\/2025\/12\/18\/macbook-pro-m5-un-bond-en-performances-mais-des-absents-notables\/\"},\"author\":{\"name\":\"admin\",\"@id\":\"https:\/\/tousbatterie.com\/blogs\/#\/schema\/person\/a598a25baaef0054f739d21583632982\"},\"headline\":\"MacBook Pro M5 : un bond en performances, mais des absents notables\",\"datePublished\":\"2025-12-18T03:42:23+00:00\",\"dateModified\":\"2025-12-22T01:26:44+00:00\",\"mainEntityOfPage\":{\"@id\":\"https:\/\/tousbatterie.com\/blogs\/2025\/12\/18\/macbook-pro-m5-un-bond-en-performances-mais-des-absents-notables\/\"},\"wordCount\":478,\"commentCount\":0,\"publisher\":{\"@id\":\"https:\/\/tousbatterie.com\/blogs\/#\/schema\/person\/a598a25baaef0054f739d21583632982\"},\"keywords\":[\"MacBook Pro M5\"],\"articleSection\":[\"Chargeur Ordinateur Portable\"],\"inLanguage\":\"fr-FR\",\"potentialAction\":[{\"@type\":\"CommentAction\",\"name\":\"Comment\",\"target\":[\"https:\/\/tousbatterie.com\/blogs\/2025\/12\/18\/macbook-pro-m5-un-bond-en-performances-mais-des-absents-notables\/#respond\"]}]},{\"@type\":\"WebPage\",\"@id\":\"https:\/\/tousbatterie.com\/blogs\/2025\/12\/18\/macbook-pro-m5-un-bond-en-performances-mais-des-absents-notables\/\",\"url\":\"https:\/\/tousbatterie.com\/blogs\/2025\/12\/18\/macbook-pro-m5-un-bond-en-performances-mais-des-absents-notables\/\",\"name\":\"MacBook Pro M5 : un bond en performances, mais des absents notables - Tousbatterie Blog\",\"isPartOf\":{\"@id\":\"https:\/\/tousbatterie.com\/blogs\/#website\"},\"datePublished\":\"2025-12-18T03:42:23+00:00\",\"dateModified\":\"2025-12-22T01:26:44+00:00\",\"breadcrumb\":{\"@id\":\"https:\/\/tousbatterie.com\/blogs\/2025\/12\/18\/macbook-pro-m5-un-bond-en-performances-mais-des-absents-notables\/#breadcrumb\"},\"inLanguage\":\"fr-FR\",\"potentialAction\":[{\"@type\":\"ReadAction\",\"target\":[\"https:\/\/tousbatterie.com\/blogs\/2025\/12\/18\/macbook-pro-m5-un-bond-en-performances-mais-des-absents-notables\/\"]}]},{\"@type\":\"BreadcrumbList\",\"@id\":\"https:\/\/tousbatterie.com\/blogs\/2025\/12\/18\/macbook-pro-m5-un-bond-en-performances-mais-des-absents-notables\/#breadcrumb\",\"itemListElement\":[{\"@type\":\"ListItem\",\"position\":1,\"name\":\"Home\",\"item\":\"https:\/\/tousbatterie.com\/blogs\/\"},{\"@type\":\"ListItem\",\"position\":2,\"name\":\"MacBook Pro M5 : un bond en performances, mais des absents notables\"}]},{\"@type\":\"WebSite\",\"@id\":\"https:\/\/tousbatterie.com\/blogs\/#website\",\"url\":\"https:\/\/tousbatterie.com\/blogs\/\",\"name\":\"https:\/\/www.tousbatterie.com\/\",\"description\":\"Batteries sp\u00e9ciales pour mat\u00e9riel professionnel avec longue dur\u00e9e de vie et grande capacit\u00e9.\",\"publisher\":{\"@id\":\"https:\/\/tousbatterie.com\/blogs\/#\/schema\/person\/a598a25baaef0054f739d21583632982\"},\"potentialAction\":[{\"@type\":\"SearchAction\",\"target\":{\"@type\":\"EntryPoint\",\"urlTemplate\":\"https:\/\/tousbatterie.com\/blogs\/?s={search_term_string}\"},\"query-input\":{\"@type\":\"PropertyValueSpecification\",\"valueRequired\":true,\"valueName\":\"search_term_string\"}}],\"inLanguage\":\"fr-FR\"},{\"@type\":[\"Person\",\"Organization\"],\"@id\":\"https:\/\/tousbatterie.com\/blogs\/#\/schema\/person\/a598a25baaef0054f739d21583632982\",\"name\":\"admin\",\"image\":{\"@type\":\"ImageObject\",\"inLanguage\":\"fr-FR\",\"@id\":\"https:\/\/tousbatterie.com\/blogs\/#\/schema\/person\/image\/\",\"url\":\"https:\/\/tousbatterie.com\/blogs\/wp-content\/uploads\/2024\/11\/Batterie.jpg\",\"contentUrl\":\"https:\/\/tousbatterie.com\/blogs\/wp-content\/uploads\/2024\/11\/Batterie.jpg\",\"width\":730,\"height\":593,\"caption\":\"admin\"},\"logo\":{\"@id\":\"https:\/\/tousbatterie.com\/blogs\/#\/schema\/person\/image\/\"},\"sameAs\":[\"https:\/\/tousbatterie.com\/blogs\"],\"url\":\"https:\/\/tousbatterie.com\/blogs\/author\/admin\/\"}]}<\/script>\n<!-- \/ Yoast SEO plugin. -->","yoast_head_json":{"title":"MacBook Pro M5 : un bond en performances, mais des absents notables - Tousbatterie Blog","robots":{"index":"index","follow":"follow","max-snippet":"max-snippet:-1","max-image-preview":"max-image-preview:large","max-video-preview":"max-video-preview:-1"},"canonical":"https:\/\/tousbatterie.com\/blogs\/2025\/12\/18\/macbook-pro-m5-un-bond-en-performances-mais-des-absents-notables\/","og_locale":"fr_FR","og_type":"article","og_title":"MacBook Pro M5 : un bond en performances, mais des absents notables - Tousbatterie Blog","og_description":"Apple a d\u00e9voil\u00e9 son processeur M5, qui \u00e9quipera le nouvel iPad Pro, le casque Vision Pro, ainsi qu\u2019un MacBook Pro","og_url":"https:\/\/tousbatterie.com\/blogs\/2025\/12\/18\/macbook-pro-m5-un-bond-en-performances-mais-des-absents-notables\/","og_site_name":"Tousbatterie Blog","article_published_time":"2025-12-18T03:42:23+00:00","article_modified_time":"2025-12-22T01:26:44+00:00","author":"admin","twitter_card":"summary_large_image","twitter_misc":{"\u00c9crit par":"admin","Dur\u00e9e de lecture estim\u00e9e":"3 minutes"},"schema":{"@context":"https:\/\/schema.org","@graph":[{"@type":"Article","@id":"https:\/\/tousbatterie.com\/blogs\/2025\/12\/18\/macbook-pro-m5-un-bond-en-performances-mais-des-absents-notables\/#article","isPartOf":{"@id":"https:\/\/tousbatterie.com\/blogs\/2025\/12\/18\/macbook-pro-m5-un-bond-en-performances-mais-des-absents-notables\/"},"author":{"name":"admin","@id":"https:\/\/tousbatterie.com\/blogs\/#\/schema\/person\/a598a25baaef0054f739d21583632982"},"headline":"MacBook Pro M5 : un bond en performances, mais des absents notables","datePublished":"2025-12-18T03:42:23+00:00","dateModified":"2025-12-22T01:26:44+00:00","mainEntityOfPage":{"@id":"https:\/\/tousbatterie.com\/blogs\/2025\/12\/18\/macbook-pro-m5-un-bond-en-performances-mais-des-absents-notables\/"},"wordCount":478,"commentCount":0,"publisher":{"@id":"https:\/\/tousbatterie.com\/blogs\/#\/schema\/person\/a598a25baaef0054f739d21583632982"},"keywords":["MacBook Pro M5"],"articleSection":["Chargeur Ordinateur Portable"],"inLanguage":"fr-FR","potentialAction":[{"@type":"CommentAction","name":"Comment","target":["https:\/\/tousbatterie.com\/blogs\/2025\/12\/18\/macbook-pro-m5-un-bond-en-performances-mais-des-absents-notables\/#respond"]}]},{"@type":"WebPage","@id":"https:\/\/tousbatterie.com\/blogs\/2025\/12\/18\/macbook-pro-m5-un-bond-en-performances-mais-des-absents-notables\/","url":"https:\/\/tousbatterie.com\/blogs\/2025\/12\/18\/macbook-pro-m5-un-bond-en-performances-mais-des-absents-notables\/","name":"MacBook Pro M5 : un bond en performances, mais des absents notables - Tousbatterie Blog","isPartOf":{"@id":"https:\/\/tousbatterie.com\/blogs\/#website"},"datePublished":"2025-12-18T03:42:23+00:00","dateModified":"2025-12-22T01:26:44+00:00","breadcrumb":{"@id":"https:\/\/tousbatterie.com\/blogs\/2025\/12\/18\/macbook-pro-m5-un-bond-en-performances-mais-des-absents-notables\/#breadcrumb"},"inLanguage":"fr-FR","potentialAction":[{"@type":"ReadAction","target":["https:\/\/tousbatterie.com\/blogs\/2025\/12\/18\/macbook-pro-m5-un-bond-en-performances-mais-des-absents-notables\/"]}]},{"@type":"BreadcrumbList","@id":"https:\/\/tousbatterie.com\/blogs\/2025\/12\/18\/macbook-pro-m5-un-bond-en-performances-mais-des-absents-notables\/#breadcrumb","itemListElement":[{"@type":"ListItem","position":1,"name":"Home","item":"https:\/\/tousbatterie.com\/blogs\/"},{"@type":"ListItem","position":2,"name":"MacBook Pro M5 : un bond en performances, mais des absents notables"}]},{"@type":"WebSite","@id":"https:\/\/tousbatterie.com\/blogs\/#website","url":"https:\/\/tousbatterie.com\/blogs\/","name":"https:\/\/www.tousbatterie.com\/","description":"Batteries sp\u00e9ciales pour mat\u00e9riel professionnel avec longue dur\u00e9e de vie et grande capacit\u00e9.","publisher":{"@id":"https:\/\/tousbatterie.com\/blogs\/#\/schema\/person\/a598a25baaef0054f739d21583632982"},"potentialAction":[{"@type":"SearchAction","target":{"@type":"EntryPoint","urlTemplate":"https:\/\/tousbatterie.com\/blogs\/?s={search_term_string}"},"query-input":{"@type":"PropertyValueSpecification","valueRequired":true,"valueName":"search_term_string"}}],"inLanguage":"fr-FR"},{"@type":["Person","Organization"],"@id":"https:\/\/tousbatterie.com\/blogs\/#\/schema\/person\/a598a25baaef0054f739d21583632982","name":"admin","image":{"@type":"ImageObject","inLanguage":"fr-FR","@id":"https:\/\/tousbatterie.com\/blogs\/#\/schema\/person\/image\/","url":"https:\/\/tousbatterie.com\/blogs\/wp-content\/uploads\/2024\/11\/Batterie.jpg","contentUrl":"https:\/\/tousbatterie.com\/blogs\/wp-content\/uploads\/2024\/11\/Batterie.jpg","width":730,"height":593,"caption":"admin"},"logo":{"@id":"https:\/\/tousbatterie.com\/blogs\/#\/schema\/person\/image\/"},"sameAs":["https:\/\/tousbatterie.com\/blogs"],"url":"https:\/\/tousbatterie.com\/blogs\/author\/admin\/"}]}},"_links":{"self":[{"href":"https:\/\/tousbatterie.com\/blogs\/wp-json\/wp\/v2\/posts\/913","targetHints":{"allow":["GET"]}}],"collection":[{"href":"https:\/\/tousbatterie.com\/blogs\/wp-json\/wp\/v2\/posts"}],"about":[{"href":"https:\/\/tousbatterie.com\/blogs\/wp-json\/wp\/v2\/types\/post"}],"author":[{"embeddable":true,"href":"https:\/\/tousbatterie.com\/blogs\/wp-json\/wp\/v2\/users\/1"}],"replies":[{"embeddable":true,"href":"https:\/\/tousbatterie.com\/blogs\/wp-json\/wp\/v2\/comments?post=913"}],"version-history":[{"count":1,"href":"https:\/\/tousbatterie.com\/blogs\/wp-json\/wp\/v2\/posts\/913\/revisions"}],"predecessor-version":[{"id":914,"href":"https:\/\/tousbatterie.com\/blogs\/wp-json\/wp\/v2\/posts\/913\/revisions\/914"}],"wp:attachment":[{"href":"https:\/\/tousbatterie.com\/blogs\/wp-json\/wp\/v2\/media?parent=913"}],"wp:term":[{"taxonomy":"category","embeddable":true,"href":"https:\/\/tousbatterie.com\/blogs\/wp-json\/wp\/v2\/categories?post=913"},{"taxonomy":"post_tag","embeddable":true,"href":"https:\/\/tousbatterie.com\/blogs\/wp-json\/wp\/v2\/tags?post=913"}],"curies":[{"name":"wp","href":"https:\/\/api.w.org\/{rel}","templated":true}]}}