{"id":560,"date":"2025-03-28T09:36:58","date_gmt":"2025-03-28T09:36:58","guid":{"rendered":"https:\/\/tousbatterie.com\/blogs\/?p=560"},"modified":"2025-03-28T09:37:00","modified_gmt":"2025-03-28T09:37:00","slug":"apple-devoile-lipad-air-m3-une-evolution-discrete-mais-strategique","status":"publish","type":"post","link":"https:\/\/tousbatterie.com\/blogs\/2025\/03\/28\/apple-devoile-lipad-air-m3-une-evolution-discrete-mais-strategique\/","title":{"rendered":"Apple d\u00e9voile l\u2019iPad Air M3 : une \u00e9volution discr\u00e8te mais strat\u00e9gique"},"content":{"rendered":"\n<p><strong>Sortie en cat\u00e9gorie 2 : des am\u00e9liorations cibl\u00e9es<\/strong><br>Contrairement \u00e0 ses lancements spectaculaires, Apple a opt\u00e9 pour une annonce sobre pour son nouvel&nbsp;<strong>iPad Air M3<\/strong>, disponible en 11 et 13 pouces. Un choix r\u00e9v\u00e9lateur : cette mise \u00e0 jour, d\u00e9voil\u00e9e par simple communiqu\u00e9, se concentre sur des optimisations techniques plut\u00f4t qu\u2019une refonte radicale. Une strat\u00e9gie logique, puisque le mod\u00e8le M2 datait \u00e0 peine de mai 2024.<\/p>\n\n\n\n<p><strong>La star du show : la puce M3<\/strong><br>L\u2019unique nouveaut\u00e9 majeure r\u00e9side dans l\u2019int\u00e9gration de la&nbsp;<strong>puce M3<\/strong>, propulsant cette tablette au rang d\u2019outil polyvalent. Selon Apple, les gains sont significatifs :<\/p>\n\n\n\n<ul class=\"wp-block-list\">\n<li><strong>+35 %<\/strong>\u00a0en vitesse de traitement g\u00e9n\u00e9ral vs M1<\/li>\n\n\n\n<li><strong>+40 %<\/strong>\u00a0en performances graphiques<\/li>\n\n\n\n<li><strong>Neural Engine<\/strong>\u00a0boost\u00e9 pour une IA\u00a0<strong>60 % plus rapide<\/strong><\/li>\n<\/ul>\n\n\n\n<p><em>Pourquoi comparer au M1 plut\u00f4t qu\u2019au M2 ?<\/em>&nbsp;Un choix marketing assum\u00e9, maximisant l\u2019\u00e9cart per\u00e7u. Les cr\u00e9atifs y gagnent cependant : rendu vid\u00e9o fluide, retouche photo optimis\u00e9e, et jeux&nbsp;<em>triple A<\/em>&nbsp;compatibles sans latence.<\/p>\n\n\n\n<p><strong>Apple Intelligence : l\u2019IA en force (mais en anglais uniquement)<\/strong><br>Le Neural Engine de la M3 d\u00e9ploie des fonctionnalit\u00e9s pratiques :<\/p>\n\n\n\n<ul class=\"wp-block-list\">\n<li><strong>Retouche photo intelligente<\/strong>\u00a0en un clic<\/li>\n\n\n\n<li><strong>G\u00e9n\u00e9ration d\u2019emojis personnalis\u00e9s<\/strong>\u00a0par description vocale<\/li>\n\n\n\n<li><strong>Recherche visuelle contextuelle<\/strong>\u00a0dans Photos et Vid\u00e9os<\/li>\n\n\n\n<li><strong>Siri<\/strong>\u00a0plus r\u00e9actif et intuitif<\/li>\n<\/ul>\n\n\n\n<p><em>B\u00e9mol<\/em>&nbsp;: ces outils restent limit\u00e9s \u00e0 l\u2019anglais, freinant leur adoption en milieu francophone.<\/p>\n\n\n\n<p><strong>Accessoires et ergonomie : le Magic Keyboard relift\u00e9<\/strong><br>Accompagnant la tablette, un&nbsp;<strong>nouveau Magic Keyboard<\/strong>&nbsp;inclut :<\/p>\n\n\n\n<ul class=\"wp-block-list\">\n<li>Trackpad\u00a0<strong>agrandi de 20 %<\/strong><\/li>\n\n\n\n<li>14\u00a0<strong>touches de fonction<\/strong>\u00a0d\u00e9di\u00e9es (lumi\u00e8re, volume, capture d\u2019\u00e9cran)<\/li>\n\n\n\n<li>Connecteur\u00a0<strong>USB-C<\/strong>\u00a0int\u00e9gr\u00e9 pour la recharge<\/li>\n\n\n\n<li>Fixation magn\u00e9tique\u00a0<strong>Smart Connector<\/strong><\/li>\n<\/ul>\n\n\n\n<p>Con\u00e7u pour les pros, il transforme l\u2019iPad Air en quasi-PC portable.<\/p>\n\n\n\n<p><strong>Stockage : jusqu\u2019\u00e0 1 To pour les pros<\/strong><br>Quatre options disponibles :<\/p>\n\n\n\n<ul class=\"wp-block-list\">\n<li><strong>128 Go<\/strong>\u00a0(899 \u20ac en 11&Prime; Wi-Fi)<\/li>\n\n\n\n<li><strong>256 Go<\/strong><\/li>\n\n\n\n<li><strong>512 Go<\/strong><\/li>\n\n\n\n<li><strong>1 To<\/strong>\u00a0(2 079 \u20ac en 13&Prime; Wi-Fi)<\/li>\n<\/ul>\n\n\n\n<p>Les versions 512 Go et 1 To ciblent explicitement les cr\u00e9ateurs de contenus 4K ou 3D.<\/p>\n\n\n\n<p><strong>Prix et disponibilit\u00e9 : une grille tarifaire \u00e9tag\u00e9e<\/strong><\/p>\n\n\n\n<figure class=\"wp-block-table\"><table class=\"has-fixed-layout\"><thead><tr><th>Mod\u00e8le<\/th><th>128 Go<\/th><th>256 Go<\/th><th>512 Go<\/th><th>1 To<\/th><\/tr><\/thead><tbody><tr><td><strong>11&Prime; Wi-Fi<\/strong><\/td><td>899 $<\/td><td>1 129 $<\/td><td>1 379 $<\/td><td>1 879 $<\/td><\/tr><tr><td><strong>11&Prime; 5G<\/strong><\/td><td>1 099 $<\/td><td>1 329 $<\/td><td>&#8211;<\/td><td>&#8211;<\/td><\/tr><tr><td><strong>13&Prime; Wi-Fi<\/strong><\/td><td>1 099 $<\/td><td>1 329 $<\/td><td>1 579 $<\/td><td>2 079 $<\/td><\/tr><tr><td><strong>13&Prime; 5G<\/strong><\/td><td>1 299 $<\/td><td>1 529 $<\/td><td>&#8211;<\/td><td>&#8211;<\/td><\/tr><\/tbody><\/table><\/figure>\n\n\n\n<p>Pr\u00e9commandes ouvertes, livraison d\u00e8s le&nbsp;<strong>12 mars<\/strong>.&nbsp;<strong>Faut-il passer au M3 ?<\/strong><\/p>\n\n\n\n<ul class=\"wp-block-list\">\n<li><strong>Utilisateurs de M1\/M2<\/strong>\u00a0: attendez la prochaine g\u00e9n\u00e9ration.<\/li>\n\n\n\n<li><strong>Propri\u00e9taires d\u2019iPad anciens<\/strong>\u00a0(2018-2020) : sautez le pas pour la compatibilit\u00e9 logicielle long terme.<\/li>\n\n\n\n<li><strong>Cr\u00e9atifs nomades<\/strong>\u00a0: le combo M3 + 1 To + Magic Keyboard justifie l\u2019investissement.<\/li>\n<\/ul>\n\n\n\n<p><strong>Verdict<\/strong>&nbsp;: Une \u00e9volution&nbsp;<em>safe<\/em>&nbsp;d\u2019Apple, consolidant l\u2019iPad Air comme tablette haut de gamme, sans r\u00e9volutionner le segment. Vous recherchez une nouvelle&nbsp;<a href=\"https:\/\/www.tousbatterie.com\/brand-apple-3-tablet_battery\" target=\"_blank\" rel=\"noreferrer noopener\">Batterie Tablette Apple iPad<\/a>? Sp\u00e9cialiser dans les Batterie Apple iPad depuis plus de 10 ans,Batterie Tablette apple au meilleur rapport qualit\u00e9 prix !<\/p>\n","protected":false},"excerpt":{"rendered":"<p>Sortie en cat\u00e9gorie 2 : des am\u00e9liorations cibl\u00e9esContrairement \u00e0 ses lancements spectaculaires, Apple a opt\u00e9 pour une annonce sobre pour<\/p>\n","protected":false},"author":1,"featured_media":0,"comment_status":"open","ping_status":"open","sticky":false,"template":"","format":"standard","meta":{"saved_in_kubio":false,"footnotes":""},"categories":[1],"tags":[69,68],"class_list":["post-560","post","type-post","status-publish","format-standard","hentry","category-news","tag-apple-ipad","tag-ipad-air-m3"],"yoast_head":"<!-- This site is optimized with the Yoast SEO plugin v23.8 - https:\/\/yoast.com\/wordpress\/plugins\/seo\/ -->\n<title>Apple d\u00e9voile l\u2019iPad Air M3 : une \u00e9volution discr\u00e8te mais strat\u00e9gique - Tousbatterie Blog<\/title>\n<meta name=\"robots\" content=\"index, follow, max-snippet:-1, max-image-preview:large, max-video-preview:-1\" \/>\n<link rel=\"canonical\" href=\"https:\/\/tousbatterie.com\/blogs\/2025\/03\/28\/apple-devoile-lipad-air-m3-une-evolution-discrete-mais-strategique\/\" \/>\n<meta property=\"og:locale\" content=\"fr_FR\" \/>\n<meta property=\"og:type\" content=\"article\" \/>\n<meta property=\"og:title\" content=\"Apple d\u00e9voile l\u2019iPad Air M3 : une \u00e9volution discr\u00e8te mais strat\u00e9gique - Tousbatterie Blog\" \/>\n<meta property=\"og:description\" content=\"Sortie en cat\u00e9gorie 2 : des am\u00e9liorations cibl\u00e9esContrairement \u00e0 ses lancements spectaculaires, Apple a opt\u00e9 pour une annonce sobre pour\" \/>\n<meta property=\"og:url\" content=\"https:\/\/tousbatterie.com\/blogs\/2025\/03\/28\/apple-devoile-lipad-air-m3-une-evolution-discrete-mais-strategique\/\" \/>\n<meta property=\"og:site_name\" content=\"Tousbatterie Blog\" \/>\n<meta property=\"article:published_time\" content=\"2025-03-28T09:36:58+00:00\" \/>\n<meta property=\"article:modified_time\" content=\"2025-03-28T09:37:00+00:00\" \/>\n<meta name=\"author\" content=\"admin\" \/>\n<meta name=\"twitter:card\" content=\"summary_large_image\" \/>\n<meta name=\"twitter:label1\" content=\"\u00c9crit par\" \/>\n\t<meta name=\"twitter:data1\" content=\"admin\" \/>\n\t<meta name=\"twitter:label2\" content=\"Dur\u00e9e de lecture estim\u00e9e\" \/>\n\t<meta name=\"twitter:data2\" content=\"3 minutes\" \/>\n<script type=\"application\/ld+json\" class=\"yoast-schema-graph\">{\"@context\":\"https:\/\/schema.org\",\"@graph\":[{\"@type\":\"Article\",\"@id\":\"https:\/\/tousbatterie.com\/blogs\/2025\/03\/28\/apple-devoile-lipad-air-m3-une-evolution-discrete-mais-strategique\/#article\",\"isPartOf\":{\"@id\":\"https:\/\/tousbatterie.com\/blogs\/2025\/03\/28\/apple-devoile-lipad-air-m3-une-evolution-discrete-mais-strategique\/\"},\"author\":{\"name\":\"admin\",\"@id\":\"https:\/\/tousbatterie.com\/blogs\/#\/schema\/person\/a598a25baaef0054f739d21583632982\"},\"headline\":\"Apple d\u00e9voile l\u2019iPad Air M3 : une \u00e9volution discr\u00e8te mais strat\u00e9gique\",\"datePublished\":\"2025-03-28T09:36:58+00:00\",\"dateModified\":\"2025-03-28T09:37:00+00:00\",\"mainEntityOfPage\":{\"@id\":\"https:\/\/tousbatterie.com\/blogs\/2025\/03\/28\/apple-devoile-lipad-air-m3-une-evolution-discrete-mais-strategique\/\"},\"wordCount\":463,\"commentCount\":0,\"publisher\":{\"@id\":\"https:\/\/tousbatterie.com\/blogs\/#\/schema\/person\/a598a25baaef0054f739d21583632982\"},\"keywords\":[\"Apple iPad\",\"iPad Air M3\"],\"articleSection\":[\"NEWS\"],\"inLanguage\":\"fr-FR\",\"potentialAction\":[{\"@type\":\"CommentAction\",\"name\":\"Comment\",\"target\":[\"https:\/\/tousbatterie.com\/blogs\/2025\/03\/28\/apple-devoile-lipad-air-m3-une-evolution-discrete-mais-strategique\/#respond\"]}]},{\"@type\":\"WebPage\",\"@id\":\"https:\/\/tousbatterie.com\/blogs\/2025\/03\/28\/apple-devoile-lipad-air-m3-une-evolution-discrete-mais-strategique\/\",\"url\":\"https:\/\/tousbatterie.com\/blogs\/2025\/03\/28\/apple-devoile-lipad-air-m3-une-evolution-discrete-mais-strategique\/\",\"name\":\"Apple d\u00e9voile l\u2019iPad Air M3 : une \u00e9volution discr\u00e8te mais strat\u00e9gique - Tousbatterie Blog\",\"isPartOf\":{\"@id\":\"https:\/\/tousbatterie.com\/blogs\/#website\"},\"datePublished\":\"2025-03-28T09:36:58+00:00\",\"dateModified\":\"2025-03-28T09:37:00+00:00\",\"breadcrumb\":{\"@id\":\"https:\/\/tousbatterie.com\/blogs\/2025\/03\/28\/apple-devoile-lipad-air-m3-une-evolution-discrete-mais-strategique\/#breadcrumb\"},\"inLanguage\":\"fr-FR\",\"potentialAction\":[{\"@type\":\"ReadAction\",\"target\":[\"https:\/\/tousbatterie.com\/blogs\/2025\/03\/28\/apple-devoile-lipad-air-m3-une-evolution-discrete-mais-strategique\/\"]}]},{\"@type\":\"BreadcrumbList\",\"@id\":\"https:\/\/tousbatterie.com\/blogs\/2025\/03\/28\/apple-devoile-lipad-air-m3-une-evolution-discrete-mais-strategique\/#breadcrumb\",\"itemListElement\":[{\"@type\":\"ListItem\",\"position\":1,\"name\":\"Home\",\"item\":\"https:\/\/tousbatterie.com\/blogs\/\"},{\"@type\":\"ListItem\",\"position\":2,\"name\":\"Apple d\u00e9voile l\u2019iPad Air M3 : une \u00e9volution discr\u00e8te mais strat\u00e9gique\"}]},{\"@type\":\"WebSite\",\"@id\":\"https:\/\/tousbatterie.com\/blogs\/#website\",\"url\":\"https:\/\/tousbatterie.com\/blogs\/\",\"name\":\"https:\/\/www.tousbatterie.com\/\",\"description\":\"Batteries sp\u00e9ciales pour mat\u00e9riel professionnel avec longue dur\u00e9e de vie et grande capacit\u00e9.\",\"publisher\":{\"@id\":\"https:\/\/tousbatterie.com\/blogs\/#\/schema\/person\/a598a25baaef0054f739d21583632982\"},\"potentialAction\":[{\"@type\":\"SearchAction\",\"target\":{\"@type\":\"EntryPoint\",\"urlTemplate\":\"https:\/\/tousbatterie.com\/blogs\/?s={search_term_string}\"},\"query-input\":{\"@type\":\"PropertyValueSpecification\",\"valueRequired\":true,\"valueName\":\"search_term_string\"}}],\"inLanguage\":\"fr-FR\"},{\"@type\":[\"Person\",\"Organization\"],\"@id\":\"https:\/\/tousbatterie.com\/blogs\/#\/schema\/person\/a598a25baaef0054f739d21583632982\",\"name\":\"admin\",\"image\":{\"@type\":\"ImageObject\",\"inLanguage\":\"fr-FR\",\"@id\":\"https:\/\/tousbatterie.com\/blogs\/#\/schema\/person\/image\/\",\"url\":\"https:\/\/tousbatterie.com\/blogs\/wp-content\/uploads\/2024\/11\/Batterie.jpg\",\"contentUrl\":\"https:\/\/tousbatterie.com\/blogs\/wp-content\/uploads\/2024\/11\/Batterie.jpg\",\"width\":730,\"height\":593,\"caption\":\"admin\"},\"logo\":{\"@id\":\"https:\/\/tousbatterie.com\/blogs\/#\/schema\/person\/image\/\"},\"sameAs\":[\"https:\/\/tousbatterie.com\/blogs\"],\"url\":\"https:\/\/tousbatterie.com\/blogs\/author\/admin\/\"}]}<\/script>\n<!-- \/ Yoast SEO plugin. -->","yoast_head_json":{"title":"Apple d\u00e9voile l\u2019iPad Air M3 : une \u00e9volution discr\u00e8te mais strat\u00e9gique - Tousbatterie Blog","robots":{"index":"index","follow":"follow","max-snippet":"max-snippet:-1","max-image-preview":"max-image-preview:large","max-video-preview":"max-video-preview:-1"},"canonical":"https:\/\/tousbatterie.com\/blogs\/2025\/03\/28\/apple-devoile-lipad-air-m3-une-evolution-discrete-mais-strategique\/","og_locale":"fr_FR","og_type":"article","og_title":"Apple d\u00e9voile l\u2019iPad Air M3 : une \u00e9volution discr\u00e8te mais strat\u00e9gique - Tousbatterie Blog","og_description":"Sortie en cat\u00e9gorie 2 : des am\u00e9liorations cibl\u00e9esContrairement \u00e0 ses lancements spectaculaires, Apple a opt\u00e9 pour une annonce sobre pour","og_url":"https:\/\/tousbatterie.com\/blogs\/2025\/03\/28\/apple-devoile-lipad-air-m3-une-evolution-discrete-mais-strategique\/","og_site_name":"Tousbatterie Blog","article_published_time":"2025-03-28T09:36:58+00:00","article_modified_time":"2025-03-28T09:37:00+00:00","author":"admin","twitter_card":"summary_large_image","twitter_misc":{"\u00c9crit par":"admin","Dur\u00e9e de lecture estim\u00e9e":"3 minutes"},"schema":{"@context":"https:\/\/schema.org","@graph":[{"@type":"Article","@id":"https:\/\/tousbatterie.com\/blogs\/2025\/03\/28\/apple-devoile-lipad-air-m3-une-evolution-discrete-mais-strategique\/#article","isPartOf":{"@id":"https:\/\/tousbatterie.com\/blogs\/2025\/03\/28\/apple-devoile-lipad-air-m3-une-evolution-discrete-mais-strategique\/"},"author":{"name":"admin","@id":"https:\/\/tousbatterie.com\/blogs\/#\/schema\/person\/a598a25baaef0054f739d21583632982"},"headline":"Apple d\u00e9voile l\u2019iPad Air M3 : une \u00e9volution discr\u00e8te mais strat\u00e9gique","datePublished":"2025-03-28T09:36:58+00:00","dateModified":"2025-03-28T09:37:00+00:00","mainEntityOfPage":{"@id":"https:\/\/tousbatterie.com\/blogs\/2025\/03\/28\/apple-devoile-lipad-air-m3-une-evolution-discrete-mais-strategique\/"},"wordCount":463,"commentCount":0,"publisher":{"@id":"https:\/\/tousbatterie.com\/blogs\/#\/schema\/person\/a598a25baaef0054f739d21583632982"},"keywords":["Apple iPad","iPad Air M3"],"articleSection":["NEWS"],"inLanguage":"fr-FR","potentialAction":[{"@type":"CommentAction","name":"Comment","target":["https:\/\/tousbatterie.com\/blogs\/2025\/03\/28\/apple-devoile-lipad-air-m3-une-evolution-discrete-mais-strategique\/#respond"]}]},{"@type":"WebPage","@id":"https:\/\/tousbatterie.com\/blogs\/2025\/03\/28\/apple-devoile-lipad-air-m3-une-evolution-discrete-mais-strategique\/","url":"https:\/\/tousbatterie.com\/blogs\/2025\/03\/28\/apple-devoile-lipad-air-m3-une-evolution-discrete-mais-strategique\/","name":"Apple d\u00e9voile l\u2019iPad Air M3 : une \u00e9volution discr\u00e8te mais strat\u00e9gique - Tousbatterie Blog","isPartOf":{"@id":"https:\/\/tousbatterie.com\/blogs\/#website"},"datePublished":"2025-03-28T09:36:58+00:00","dateModified":"2025-03-28T09:37:00+00:00","breadcrumb":{"@id":"https:\/\/tousbatterie.com\/blogs\/2025\/03\/28\/apple-devoile-lipad-air-m3-une-evolution-discrete-mais-strategique\/#breadcrumb"},"inLanguage":"fr-FR","potentialAction":[{"@type":"ReadAction","target":["https:\/\/tousbatterie.com\/blogs\/2025\/03\/28\/apple-devoile-lipad-air-m3-une-evolution-discrete-mais-strategique\/"]}]},{"@type":"BreadcrumbList","@id":"https:\/\/tousbatterie.com\/blogs\/2025\/03\/28\/apple-devoile-lipad-air-m3-une-evolution-discrete-mais-strategique\/#breadcrumb","itemListElement":[{"@type":"ListItem","position":1,"name":"Home","item":"https:\/\/tousbatterie.com\/blogs\/"},{"@type":"ListItem","position":2,"name":"Apple d\u00e9voile l\u2019iPad Air M3 : une \u00e9volution discr\u00e8te mais strat\u00e9gique"}]},{"@type":"WebSite","@id":"https:\/\/tousbatterie.com\/blogs\/#website","url":"https:\/\/tousbatterie.com\/blogs\/","name":"https:\/\/www.tousbatterie.com\/","description":"Batteries sp\u00e9ciales pour mat\u00e9riel professionnel avec longue dur\u00e9e de vie et grande capacit\u00e9.","publisher":{"@id":"https:\/\/tousbatterie.com\/blogs\/#\/schema\/person\/a598a25baaef0054f739d21583632982"},"potentialAction":[{"@type":"SearchAction","target":{"@type":"EntryPoint","urlTemplate":"https:\/\/tousbatterie.com\/blogs\/?s={search_term_string}"},"query-input":{"@type":"PropertyValueSpecification","valueRequired":true,"valueName":"search_term_string"}}],"inLanguage":"fr-FR"},{"@type":["Person","Organization"],"@id":"https:\/\/tousbatterie.com\/blogs\/#\/schema\/person\/a598a25baaef0054f739d21583632982","name":"admin","image":{"@type":"ImageObject","inLanguage":"fr-FR","@id":"https:\/\/tousbatterie.com\/blogs\/#\/schema\/person\/image\/","url":"https:\/\/tousbatterie.com\/blogs\/wp-content\/uploads\/2024\/11\/Batterie.jpg","contentUrl":"https:\/\/tousbatterie.com\/blogs\/wp-content\/uploads\/2024\/11\/Batterie.jpg","width":730,"height":593,"caption":"admin"},"logo":{"@id":"https:\/\/tousbatterie.com\/blogs\/#\/schema\/person\/image\/"},"sameAs":["https:\/\/tousbatterie.com\/blogs"],"url":"https:\/\/tousbatterie.com\/blogs\/author\/admin\/"}]}},"_links":{"self":[{"href":"https:\/\/tousbatterie.com\/blogs\/wp-json\/wp\/v2\/posts\/560","targetHints":{"allow":["GET"]}}],"collection":[{"href":"https:\/\/tousbatterie.com\/blogs\/wp-json\/wp\/v2\/posts"}],"about":[{"href":"https:\/\/tousbatterie.com\/blogs\/wp-json\/wp\/v2\/types\/post"}],"author":[{"embeddable":true,"href":"https:\/\/tousbatterie.com\/blogs\/wp-json\/wp\/v2\/users\/1"}],"replies":[{"embeddable":true,"href":"https:\/\/tousbatterie.com\/blogs\/wp-json\/wp\/v2\/comments?post=560"}],"version-history":[{"count":1,"href":"https:\/\/tousbatterie.com\/blogs\/wp-json\/wp\/v2\/posts\/560\/revisions"}],"predecessor-version":[{"id":561,"href":"https:\/\/tousbatterie.com\/blogs\/wp-json\/wp\/v2\/posts\/560\/revisions\/561"}],"wp:attachment":[{"href":"https:\/\/tousbatterie.com\/blogs\/wp-json\/wp\/v2\/media?parent=560"}],"wp:term":[{"taxonomy":"category","embeddable":true,"href":"https:\/\/tousbatterie.com\/blogs\/wp-json\/wp\/v2\/categories?post=560"},{"taxonomy":"post_tag","embeddable":true,"href":"https:\/\/tousbatterie.com\/blogs\/wp-json\/wp\/v2\/tags?post=560"}],"curies":[{"name":"wp","href":"https:\/\/api.w.org\/{rel}","templated":true}]}}