{"id":392,"date":"2024-12-30T01:59:38","date_gmt":"2024-12-30T01:59:38","guid":{"rendered":"https:\/\/tousbatterie.com\/blogs\/?p=392"},"modified":"2024-12-30T02:02:44","modified_gmt":"2024-12-30T02:02:44","slug":"un-vide-important-dans-la-gamme-iphone-apres-que-apple-a-retire-plusieurs-modeles-de-la-vente-dans-lue","status":"publish","type":"post","link":"https:\/\/tousbatterie.com\/blogs\/2024\/12\/30\/un-vide-important-dans-la-gamme-iphone-apres-que-apple-a-retire-plusieurs-modeles-de-la-vente-dans-lue\/","title":{"rendered":"Un vide important dans la gamme iPhone apr\u00e8s que Apple a retir\u00e9 plusieurs mod\u00e8les de la vente dans l&rsquo;UE"},"content":{"rendered":"\n<p>&nbsp;La gamme<a href=\"https:\/\/www.blogger.com\/u\/1\/blog\/post\/edit\/399369542222154638\/4503825965695869992#\">&nbsp;iPhone<\/a>&nbsp;a \u00e9t\u00e9 r\u00e9duite \u00e0 partir d&rsquo;aujourd&rsquo;hui, et Apple n&rsquo;aurait certainement pas voulu que les choses se passent ainsi. Si cette r\u00e9duction involontaire de la gamme iPhone n&rsquo;est pas totalement incontest\u00e9e, l&rsquo;entreprise elle-m\u00eame est en partie responsable.<\/p>\n\n\n\n<p>\u00c0 partir d&rsquo;aujourd&rsquo;hui, plusieurs iPhones sont vraisemblablement ne seront plus disponibles sur la boutique officielle Apple dans l&rsquo;UE. Ce changement concerne plus particuli\u00e8rement les mod\u00e8les suivants iPhone 14, iPhone 14 Plus et la troisi\u00e8me g\u00e9n\u00e9ration de l iPhone SE. Le retrait de la vente des deux mod\u00e8les iPhone 14 ne devrait pas poser de gros probl\u00e8mes \u00e0 l&rsquo;entreprise, car il peut \u00eatre g\u00e9r\u00e9 par un changement de strat\u00e9gie de production, et pourrait m\u00eame stimuler les ventes de leurs successeurs. En revanche, la fin involontaire de l&rsquo;iPhone SE pourrait \u00eatre plus d\u00e9licate pour Apple. Avec l&rsquo;arr\u00eat du mod\u00e8le \u00e9conomique, Apple n&rsquo;offre actuellement aucune option aux personnes qui ne veulent pas d\u00e9penser trop pour un smartphone, mais qui veulent quand m\u00eame un iPhone. Les rumeurs sugg\u00e8rent que l&rsquo;iPhone SE 4 devrait \u00eatre lanc\u00e9 au printemps 2025.<\/p>\n\n\n\n<p>Bien que les trois smartphones ne soient plus disponibles directement sur le site Apple, leur disponibilit\u00e9 g\u00e9n\u00e9rale ne semble pas avoir beaucoup chang\u00e9. Par exemple, l&rsquo;iPhone 14, l&rsquo;iPhone 14 Plus et l&rsquo;iPhone SE peuvent toujours \u00eatre achet\u00e9s aupr\u00e8s de d\u00e9taillants tiers. Contexte du retrait du produit : La directive europ\u00e9enne sur les chargeurs communs ( ) entre en vigueur aujourd&rsquo;hui, le 28 d\u00e9cembre 2024. Cette directive rend obligatoires les ports de charge USB-C pour tous les t\u00e9l\u00e9phones portables et autres appareils \u00e9lectroniques portables, ce qui affecte particuli\u00e8rement les smartphones et les tablettes. Les iPhones en question ne sont pas conformes \u00e0 cette r\u00e8gle car ils utilisent des connecteurs Lightning au lieu de ports USB-C.<\/p>\n\n\n\n<figure class=\"wp-block-image\"><a href=\"https:\/\/blogger.googleusercontent.com\/img\/a\/AVvXsEjYUaxpgG_rdsp7T-pP-eyyw1VTsh2ZLRbyMZPr369h-A1QrQHA2L_t2065Q99AVn1QS2zuFUj457ugKOqMlVGpKXzIeVy46oruxxPbZhOM3uCNLXSi33dA9CnNKfYoDDfrOfYD5P8mdZX7AuKKDoHV3HuiWkastD4kdgdtIEypc5hVZkv2gt-PLwyAMDXs\"><img decoding=\"async\" src=\"https:\/\/blogger.googleusercontent.com\/img\/a\/AVvXsEjYUaxpgG_rdsp7T-pP-eyyw1VTsh2ZLRbyMZPr369h-A1QrQHA2L_t2065Q99AVn1QS2zuFUj457ugKOqMlVGpKXzIeVy46oruxxPbZhOM3uCNLXSi33dA9CnNKfYoDDfrOfYD5P8mdZX7AuKKDoHV3HuiWkastD4kdgdtIEypc5hVZkv2gt-PLwyAMDXs\" alt=\"\"\/><\/a><\/figure>\n\n\n\n<p>Vous recherchez une nouvelle batterie de&nbsp;<a href=\"https:\/\/www.blogger.com\/u\/1\/blog\/post\/edit\/399369542222154638\/4503825965695869992#\">smartphone et de t\u00e9l\u00e9phone Apple<\/a>&nbsp;? Ax\u00e9 sur les smartphones et batteries de t\u00e9l\u00e9phones portables Apple depuis plus de 10 ans, les batteries de smartphones et de t\u00e9l\u00e9phones portables avec le meilleur rapport qualit\u00e9\/prix Si vous avez une batterie de t\u00e9l\u00e9phone Apple qui doit \u00eatre remplac\u00e9e, cliquez ici<\/p>\n","protected":false},"excerpt":{"rendered":"<p>&nbsp;La gamme&nbsp;iPhone&nbsp;a \u00e9t\u00e9 r\u00e9duite \u00e0 partir d&rsquo;aujourd&rsquo;hui, et Apple n&rsquo;aurait certainement pas voulu que les choses se passent ainsi. Si<\/p>\n","protected":false},"author":1,"featured_media":0,"comment_status":"open","ping_status":"open","sticky":false,"template":"","format":"standard","meta":{"saved_in_kubio":false,"footnotes":""},"categories":[7],"tags":[30],"class_list":["post-392","post","type-post","status-publish","format-standard","hentry","category-conseils-sur-la-batterie-et-ladaptateur","tag-apple"],"yoast_head":"<!-- This site is optimized with the Yoast SEO plugin v23.8 - https:\/\/yoast.com\/wordpress\/plugins\/seo\/ -->\n<title>Un vide important dans la gamme iPhone apr\u00e8s que Apple a retir\u00e9 plusieurs mod\u00e8les de la vente dans l&#039;UE - Tousbatterie Blog<\/title>\n<meta name=\"robots\" content=\"index, follow, max-snippet:-1, max-image-preview:large, max-video-preview:-1\" \/>\n<link rel=\"canonical\" href=\"https:\/\/tousbatterie.com\/blogs\/2024\/12\/30\/un-vide-important-dans-la-gamme-iphone-apres-que-apple-a-retire-plusieurs-modeles-de-la-vente-dans-lue\/\" \/>\n<meta property=\"og:locale\" content=\"fr_FR\" \/>\n<meta property=\"og:type\" content=\"article\" \/>\n<meta property=\"og:title\" content=\"Un vide important dans la gamme iPhone apr\u00e8s que Apple a retir\u00e9 plusieurs mod\u00e8les de la vente dans l&#039;UE - Tousbatterie Blog\" \/>\n<meta property=\"og:description\" content=\"&nbsp;La gamme&nbsp;iPhone&nbsp;a \u00e9t\u00e9 r\u00e9duite \u00e0 partir d&rsquo;aujourd&rsquo;hui, et Apple n&rsquo;aurait certainement pas voulu que les choses se passent ainsi. Si\" \/>\n<meta property=\"og:url\" content=\"https:\/\/tousbatterie.com\/blogs\/2024\/12\/30\/un-vide-important-dans-la-gamme-iphone-apres-que-apple-a-retire-plusieurs-modeles-de-la-vente-dans-lue\/\" \/>\n<meta property=\"og:site_name\" content=\"Tousbatterie Blog\" \/>\n<meta property=\"article:published_time\" content=\"2024-12-30T01:59:38+00:00\" \/>\n<meta property=\"article:modified_time\" content=\"2024-12-30T02:02:44+00:00\" \/>\n<meta property=\"og:image\" content=\"https:\/\/blogger.googleusercontent.com\/img\/a\/AVvXsEjYUaxpgG_rdsp7T-pP-eyyw1VTsh2ZLRbyMZPr369h-A1QrQHA2L_t2065Q99AVn1QS2zuFUj457ugKOqMlVGpKXzIeVy46oruxxPbZhOM3uCNLXSi33dA9CnNKfYoDDfrOfYD5P8mdZX7AuKKDoHV3HuiWkastD4kdgdtIEypc5hVZkv2gt-PLwyAMDXs\" \/>\n<meta name=\"author\" content=\"admin\" \/>\n<meta name=\"twitter:card\" content=\"summary_large_image\" \/>\n<meta name=\"twitter:label1\" content=\"\u00c9crit par\" \/>\n\t<meta name=\"twitter:data1\" content=\"admin\" \/>\n\t<meta name=\"twitter:label2\" content=\"Dur\u00e9e de lecture estim\u00e9e\" \/>\n\t<meta name=\"twitter:data2\" content=\"2 minutes\" \/>\n<script type=\"application\/ld+json\" class=\"yoast-schema-graph\">{\"@context\":\"https:\/\/schema.org\",\"@graph\":[{\"@type\":\"Article\",\"@id\":\"https:\/\/tousbatterie.com\/blogs\/2024\/12\/30\/un-vide-important-dans-la-gamme-iphone-apres-que-apple-a-retire-plusieurs-modeles-de-la-vente-dans-lue\/#article\",\"isPartOf\":{\"@id\":\"https:\/\/tousbatterie.com\/blogs\/2024\/12\/30\/un-vide-important-dans-la-gamme-iphone-apres-que-apple-a-retire-plusieurs-modeles-de-la-vente-dans-lue\/\"},\"author\":{\"name\":\"admin\",\"@id\":\"https:\/\/tousbatterie.com\/blogs\/#\/schema\/person\/a598a25baaef0054f739d21583632982\"},\"headline\":\"Un vide important dans la gamme iPhone apr\u00e8s que Apple a retir\u00e9 plusieurs mod\u00e8les de la vente dans l&rsquo;UE\",\"datePublished\":\"2024-12-30T01:59:38+00:00\",\"dateModified\":\"2024-12-30T02:02:44+00:00\",\"mainEntityOfPage\":{\"@id\":\"https:\/\/tousbatterie.com\/blogs\/2024\/12\/30\/un-vide-important-dans-la-gamme-iphone-apres-que-apple-a-retire-plusieurs-modeles-de-la-vente-dans-lue\/\"},\"wordCount\":408,\"commentCount\":0,\"publisher\":{\"@id\":\"https:\/\/tousbatterie.com\/blogs\/#\/schema\/person\/a598a25baaef0054f739d21583632982\"},\"image\":{\"@id\":\"https:\/\/tousbatterie.com\/blogs\/2024\/12\/30\/un-vide-important-dans-la-gamme-iphone-apres-que-apple-a-retire-plusieurs-modeles-de-la-vente-dans-lue\/#primaryimage\"},\"thumbnailUrl\":\"https:\/\/blogger.googleusercontent.com\/img\/a\/AVvXsEjYUaxpgG_rdsp7T-pP-eyyw1VTsh2ZLRbyMZPr369h-A1QrQHA2L_t2065Q99AVn1QS2zuFUj457ugKOqMlVGpKXzIeVy46oruxxPbZhOM3uCNLXSi33dA9CnNKfYoDDfrOfYD5P8mdZX7AuKKDoHV3HuiWkastD4kdgdtIEypc5hVZkv2gt-PLwyAMDXs\",\"keywords\":[\"apple\"],\"articleSection\":[\"Conseils sur la Batterie et l'Adaptateur\"],\"inLanguage\":\"fr-FR\",\"potentialAction\":[{\"@type\":\"CommentAction\",\"name\":\"Comment\",\"target\":[\"https:\/\/tousbatterie.com\/blogs\/2024\/12\/30\/un-vide-important-dans-la-gamme-iphone-apres-que-apple-a-retire-plusieurs-modeles-de-la-vente-dans-lue\/#respond\"]}]},{\"@type\":\"WebPage\",\"@id\":\"https:\/\/tousbatterie.com\/blogs\/2024\/12\/30\/un-vide-important-dans-la-gamme-iphone-apres-que-apple-a-retire-plusieurs-modeles-de-la-vente-dans-lue\/\",\"url\":\"https:\/\/tousbatterie.com\/blogs\/2024\/12\/30\/un-vide-important-dans-la-gamme-iphone-apres-que-apple-a-retire-plusieurs-modeles-de-la-vente-dans-lue\/\",\"name\":\"Un vide important dans la gamme iPhone apr\u00e8s que Apple a retir\u00e9 plusieurs mod\u00e8les de la vente dans l'UE - Tousbatterie Blog\",\"isPartOf\":{\"@id\":\"https:\/\/tousbatterie.com\/blogs\/#website\"},\"primaryImageOfPage\":{\"@id\":\"https:\/\/tousbatterie.com\/blogs\/2024\/12\/30\/un-vide-important-dans-la-gamme-iphone-apres-que-apple-a-retire-plusieurs-modeles-de-la-vente-dans-lue\/#primaryimage\"},\"image\":{\"@id\":\"https:\/\/tousbatterie.com\/blogs\/2024\/12\/30\/un-vide-important-dans-la-gamme-iphone-apres-que-apple-a-retire-plusieurs-modeles-de-la-vente-dans-lue\/#primaryimage\"},\"thumbnailUrl\":\"https:\/\/blogger.googleusercontent.com\/img\/a\/AVvXsEjYUaxpgG_rdsp7T-pP-eyyw1VTsh2ZLRbyMZPr369h-A1QrQHA2L_t2065Q99AVn1QS2zuFUj457ugKOqMlVGpKXzIeVy46oruxxPbZhOM3uCNLXSi33dA9CnNKfYoDDfrOfYD5P8mdZX7AuKKDoHV3HuiWkastD4kdgdtIEypc5hVZkv2gt-PLwyAMDXs\",\"datePublished\":\"2024-12-30T01:59:38+00:00\",\"dateModified\":\"2024-12-30T02:02:44+00:00\",\"breadcrumb\":{\"@id\":\"https:\/\/tousbatterie.com\/blogs\/2024\/12\/30\/un-vide-important-dans-la-gamme-iphone-apres-que-apple-a-retire-plusieurs-modeles-de-la-vente-dans-lue\/#breadcrumb\"},\"inLanguage\":\"fr-FR\",\"potentialAction\":[{\"@type\":\"ReadAction\",\"target\":[\"https:\/\/tousbatterie.com\/blogs\/2024\/12\/30\/un-vide-important-dans-la-gamme-iphone-apres-que-apple-a-retire-plusieurs-modeles-de-la-vente-dans-lue\/\"]}]},{\"@type\":\"ImageObject\",\"inLanguage\":\"fr-FR\",\"@id\":\"https:\/\/tousbatterie.com\/blogs\/2024\/12\/30\/un-vide-important-dans-la-gamme-iphone-apres-que-apple-a-retire-plusieurs-modeles-de-la-vente-dans-lue\/#primaryimage\",\"url\":\"https:\/\/blogger.googleusercontent.com\/img\/a\/AVvXsEjYUaxpgG_rdsp7T-pP-eyyw1VTsh2ZLRbyMZPr369h-A1QrQHA2L_t2065Q99AVn1QS2zuFUj457ugKOqMlVGpKXzIeVy46oruxxPbZhOM3uCNLXSi33dA9CnNKfYoDDfrOfYD5P8mdZX7AuKKDoHV3HuiWkastD4kdgdtIEypc5hVZkv2gt-PLwyAMDXs\",\"contentUrl\":\"https:\/\/blogger.googleusercontent.com\/img\/a\/AVvXsEjYUaxpgG_rdsp7T-pP-eyyw1VTsh2ZLRbyMZPr369h-A1QrQHA2L_t2065Q99AVn1QS2zuFUj457ugKOqMlVGpKXzIeVy46oruxxPbZhOM3uCNLXSi33dA9CnNKfYoDDfrOfYD5P8mdZX7AuKKDoHV3HuiWkastD4kdgdtIEypc5hVZkv2gt-PLwyAMDXs\"},{\"@type\":\"BreadcrumbList\",\"@id\":\"https:\/\/tousbatterie.com\/blogs\/2024\/12\/30\/un-vide-important-dans-la-gamme-iphone-apres-que-apple-a-retire-plusieurs-modeles-de-la-vente-dans-lue\/#breadcrumb\",\"itemListElement\":[{\"@type\":\"ListItem\",\"position\":1,\"name\":\"Home\",\"item\":\"https:\/\/tousbatterie.com\/blogs\/\"},{\"@type\":\"ListItem\",\"position\":2,\"name\":\"Un vide important dans la gamme iPhone apr\u00e8s que Apple a retir\u00e9 plusieurs mod\u00e8les de la vente dans l&rsquo;UE\"}]},{\"@type\":\"WebSite\",\"@id\":\"https:\/\/tousbatterie.com\/blogs\/#website\",\"url\":\"https:\/\/tousbatterie.com\/blogs\/\",\"name\":\"https:\/\/www.tousbatterie.com\/\",\"description\":\"Batteries sp\u00e9ciales pour mat\u00e9riel professionnel avec longue dur\u00e9e de vie et grande capacit\u00e9.\",\"publisher\":{\"@id\":\"https:\/\/tousbatterie.com\/blogs\/#\/schema\/person\/a598a25baaef0054f739d21583632982\"},\"potentialAction\":[{\"@type\":\"SearchAction\",\"target\":{\"@type\":\"EntryPoint\",\"urlTemplate\":\"https:\/\/tousbatterie.com\/blogs\/?s={search_term_string}\"},\"query-input\":{\"@type\":\"PropertyValueSpecification\",\"valueRequired\":true,\"valueName\":\"search_term_string\"}}],\"inLanguage\":\"fr-FR\"},{\"@type\":[\"Person\",\"Organization\"],\"@id\":\"https:\/\/tousbatterie.com\/blogs\/#\/schema\/person\/a598a25baaef0054f739d21583632982\",\"name\":\"admin\",\"image\":{\"@type\":\"ImageObject\",\"inLanguage\":\"fr-FR\",\"@id\":\"https:\/\/tousbatterie.com\/blogs\/#\/schema\/person\/image\/\",\"url\":\"https:\/\/tousbatterie.com\/blogs\/wp-content\/uploads\/2024\/11\/Batterie.jpg\",\"contentUrl\":\"https:\/\/tousbatterie.com\/blogs\/wp-content\/uploads\/2024\/11\/Batterie.jpg\",\"width\":730,\"height\":593,\"caption\":\"admin\"},\"logo\":{\"@id\":\"https:\/\/tousbatterie.com\/blogs\/#\/schema\/person\/image\/\"},\"sameAs\":[\"https:\/\/tousbatterie.com\/blogs\"],\"url\":\"https:\/\/tousbatterie.com\/blogs\/author\/admin\/\"}]}<\/script>\n<!-- \/ Yoast SEO plugin. -->","yoast_head_json":{"title":"Un vide important dans la gamme iPhone apr\u00e8s que Apple a retir\u00e9 plusieurs mod\u00e8les de la vente dans l'UE - Tousbatterie Blog","robots":{"index":"index","follow":"follow","max-snippet":"max-snippet:-1","max-image-preview":"max-image-preview:large","max-video-preview":"max-video-preview:-1"},"canonical":"https:\/\/tousbatterie.com\/blogs\/2024\/12\/30\/un-vide-important-dans-la-gamme-iphone-apres-que-apple-a-retire-plusieurs-modeles-de-la-vente-dans-lue\/","og_locale":"fr_FR","og_type":"article","og_title":"Un vide important dans la gamme iPhone apr\u00e8s que Apple a retir\u00e9 plusieurs mod\u00e8les de la vente dans l'UE - Tousbatterie Blog","og_description":"&nbsp;La gamme&nbsp;iPhone&nbsp;a \u00e9t\u00e9 r\u00e9duite \u00e0 partir d&rsquo;aujourd&rsquo;hui, et Apple n&rsquo;aurait certainement pas voulu que les choses se passent ainsi. Si","og_url":"https:\/\/tousbatterie.com\/blogs\/2024\/12\/30\/un-vide-important-dans-la-gamme-iphone-apres-que-apple-a-retire-plusieurs-modeles-de-la-vente-dans-lue\/","og_site_name":"Tousbatterie Blog","article_published_time":"2024-12-30T01:59:38+00:00","article_modified_time":"2024-12-30T02:02:44+00:00","og_image":[{"url":"https:\/\/blogger.googleusercontent.com\/img\/a\/AVvXsEjYUaxpgG_rdsp7T-pP-eyyw1VTsh2ZLRbyMZPr369h-A1QrQHA2L_t2065Q99AVn1QS2zuFUj457ugKOqMlVGpKXzIeVy46oruxxPbZhOM3uCNLXSi33dA9CnNKfYoDDfrOfYD5P8mdZX7AuKKDoHV3HuiWkastD4kdgdtIEypc5hVZkv2gt-PLwyAMDXs"}],"author":"admin","twitter_card":"summary_large_image","twitter_misc":{"\u00c9crit par":"admin","Dur\u00e9e de lecture estim\u00e9e":"2 minutes"},"schema":{"@context":"https:\/\/schema.org","@graph":[{"@type":"Article","@id":"https:\/\/tousbatterie.com\/blogs\/2024\/12\/30\/un-vide-important-dans-la-gamme-iphone-apres-que-apple-a-retire-plusieurs-modeles-de-la-vente-dans-lue\/#article","isPartOf":{"@id":"https:\/\/tousbatterie.com\/blogs\/2024\/12\/30\/un-vide-important-dans-la-gamme-iphone-apres-que-apple-a-retire-plusieurs-modeles-de-la-vente-dans-lue\/"},"author":{"name":"admin","@id":"https:\/\/tousbatterie.com\/blogs\/#\/schema\/person\/a598a25baaef0054f739d21583632982"},"headline":"Un vide important dans la gamme iPhone apr\u00e8s que Apple a retir\u00e9 plusieurs mod\u00e8les de la vente dans l&rsquo;UE","datePublished":"2024-12-30T01:59:38+00:00","dateModified":"2024-12-30T02:02:44+00:00","mainEntityOfPage":{"@id":"https:\/\/tousbatterie.com\/blogs\/2024\/12\/30\/un-vide-important-dans-la-gamme-iphone-apres-que-apple-a-retire-plusieurs-modeles-de-la-vente-dans-lue\/"},"wordCount":408,"commentCount":0,"publisher":{"@id":"https:\/\/tousbatterie.com\/blogs\/#\/schema\/person\/a598a25baaef0054f739d21583632982"},"image":{"@id":"https:\/\/tousbatterie.com\/blogs\/2024\/12\/30\/un-vide-important-dans-la-gamme-iphone-apres-que-apple-a-retire-plusieurs-modeles-de-la-vente-dans-lue\/#primaryimage"},"thumbnailUrl":"https:\/\/blogger.googleusercontent.com\/img\/a\/AVvXsEjYUaxpgG_rdsp7T-pP-eyyw1VTsh2ZLRbyMZPr369h-A1QrQHA2L_t2065Q99AVn1QS2zuFUj457ugKOqMlVGpKXzIeVy46oruxxPbZhOM3uCNLXSi33dA9CnNKfYoDDfrOfYD5P8mdZX7AuKKDoHV3HuiWkastD4kdgdtIEypc5hVZkv2gt-PLwyAMDXs","keywords":["apple"],"articleSection":["Conseils sur la Batterie et l'Adaptateur"],"inLanguage":"fr-FR","potentialAction":[{"@type":"CommentAction","name":"Comment","target":["https:\/\/tousbatterie.com\/blogs\/2024\/12\/30\/un-vide-important-dans-la-gamme-iphone-apres-que-apple-a-retire-plusieurs-modeles-de-la-vente-dans-lue\/#respond"]}]},{"@type":"WebPage","@id":"https:\/\/tousbatterie.com\/blogs\/2024\/12\/30\/un-vide-important-dans-la-gamme-iphone-apres-que-apple-a-retire-plusieurs-modeles-de-la-vente-dans-lue\/","url":"https:\/\/tousbatterie.com\/blogs\/2024\/12\/30\/un-vide-important-dans-la-gamme-iphone-apres-que-apple-a-retire-plusieurs-modeles-de-la-vente-dans-lue\/","name":"Un vide important dans la gamme iPhone apr\u00e8s que Apple a retir\u00e9 plusieurs mod\u00e8les de la vente dans l'UE - Tousbatterie Blog","isPartOf":{"@id":"https:\/\/tousbatterie.com\/blogs\/#website"},"primaryImageOfPage":{"@id":"https:\/\/tousbatterie.com\/blogs\/2024\/12\/30\/un-vide-important-dans-la-gamme-iphone-apres-que-apple-a-retire-plusieurs-modeles-de-la-vente-dans-lue\/#primaryimage"},"image":{"@id":"https:\/\/tousbatterie.com\/blogs\/2024\/12\/30\/un-vide-important-dans-la-gamme-iphone-apres-que-apple-a-retire-plusieurs-modeles-de-la-vente-dans-lue\/#primaryimage"},"thumbnailUrl":"https:\/\/blogger.googleusercontent.com\/img\/a\/AVvXsEjYUaxpgG_rdsp7T-pP-eyyw1VTsh2ZLRbyMZPr369h-A1QrQHA2L_t2065Q99AVn1QS2zuFUj457ugKOqMlVGpKXzIeVy46oruxxPbZhOM3uCNLXSi33dA9CnNKfYoDDfrOfYD5P8mdZX7AuKKDoHV3HuiWkastD4kdgdtIEypc5hVZkv2gt-PLwyAMDXs","datePublished":"2024-12-30T01:59:38+00:00","dateModified":"2024-12-30T02:02:44+00:00","breadcrumb":{"@id":"https:\/\/tousbatterie.com\/blogs\/2024\/12\/30\/un-vide-important-dans-la-gamme-iphone-apres-que-apple-a-retire-plusieurs-modeles-de-la-vente-dans-lue\/#breadcrumb"},"inLanguage":"fr-FR","potentialAction":[{"@type":"ReadAction","target":["https:\/\/tousbatterie.com\/blogs\/2024\/12\/30\/un-vide-important-dans-la-gamme-iphone-apres-que-apple-a-retire-plusieurs-modeles-de-la-vente-dans-lue\/"]}]},{"@type":"ImageObject","inLanguage":"fr-FR","@id":"https:\/\/tousbatterie.com\/blogs\/2024\/12\/30\/un-vide-important-dans-la-gamme-iphone-apres-que-apple-a-retire-plusieurs-modeles-de-la-vente-dans-lue\/#primaryimage","url":"https:\/\/blogger.googleusercontent.com\/img\/a\/AVvXsEjYUaxpgG_rdsp7T-pP-eyyw1VTsh2ZLRbyMZPr369h-A1QrQHA2L_t2065Q99AVn1QS2zuFUj457ugKOqMlVGpKXzIeVy46oruxxPbZhOM3uCNLXSi33dA9CnNKfYoDDfrOfYD5P8mdZX7AuKKDoHV3HuiWkastD4kdgdtIEypc5hVZkv2gt-PLwyAMDXs","contentUrl":"https:\/\/blogger.googleusercontent.com\/img\/a\/AVvXsEjYUaxpgG_rdsp7T-pP-eyyw1VTsh2ZLRbyMZPr369h-A1QrQHA2L_t2065Q99AVn1QS2zuFUj457ugKOqMlVGpKXzIeVy46oruxxPbZhOM3uCNLXSi33dA9CnNKfYoDDfrOfYD5P8mdZX7AuKKDoHV3HuiWkastD4kdgdtIEypc5hVZkv2gt-PLwyAMDXs"},{"@type":"BreadcrumbList","@id":"https:\/\/tousbatterie.com\/blogs\/2024\/12\/30\/un-vide-important-dans-la-gamme-iphone-apres-que-apple-a-retire-plusieurs-modeles-de-la-vente-dans-lue\/#breadcrumb","itemListElement":[{"@type":"ListItem","position":1,"name":"Home","item":"https:\/\/tousbatterie.com\/blogs\/"},{"@type":"ListItem","position":2,"name":"Un vide important dans la gamme iPhone apr\u00e8s que Apple a retir\u00e9 plusieurs mod\u00e8les de la vente dans l&rsquo;UE"}]},{"@type":"WebSite","@id":"https:\/\/tousbatterie.com\/blogs\/#website","url":"https:\/\/tousbatterie.com\/blogs\/","name":"https:\/\/www.tousbatterie.com\/","description":"Batteries sp\u00e9ciales pour mat\u00e9riel professionnel avec longue dur\u00e9e de vie et grande capacit\u00e9.","publisher":{"@id":"https:\/\/tousbatterie.com\/blogs\/#\/schema\/person\/a598a25baaef0054f739d21583632982"},"potentialAction":[{"@type":"SearchAction","target":{"@type":"EntryPoint","urlTemplate":"https:\/\/tousbatterie.com\/blogs\/?s={search_term_string}"},"query-input":{"@type":"PropertyValueSpecification","valueRequired":true,"valueName":"search_term_string"}}],"inLanguage":"fr-FR"},{"@type":["Person","Organization"],"@id":"https:\/\/tousbatterie.com\/blogs\/#\/schema\/person\/a598a25baaef0054f739d21583632982","name":"admin","image":{"@type":"ImageObject","inLanguage":"fr-FR","@id":"https:\/\/tousbatterie.com\/blogs\/#\/schema\/person\/image\/","url":"https:\/\/tousbatterie.com\/blogs\/wp-content\/uploads\/2024\/11\/Batterie.jpg","contentUrl":"https:\/\/tousbatterie.com\/blogs\/wp-content\/uploads\/2024\/11\/Batterie.jpg","width":730,"height":593,"caption":"admin"},"logo":{"@id":"https:\/\/tousbatterie.com\/blogs\/#\/schema\/person\/image\/"},"sameAs":["https:\/\/tousbatterie.com\/blogs"],"url":"https:\/\/tousbatterie.com\/blogs\/author\/admin\/"}]}},"_links":{"self":[{"href":"https:\/\/tousbatterie.com\/blogs\/wp-json\/wp\/v2\/posts\/392","targetHints":{"allow":["GET"]}}],"collection":[{"href":"https:\/\/tousbatterie.com\/blogs\/wp-json\/wp\/v2\/posts"}],"about":[{"href":"https:\/\/tousbatterie.com\/blogs\/wp-json\/wp\/v2\/types\/post"}],"author":[{"embeddable":true,"href":"https:\/\/tousbatterie.com\/blogs\/wp-json\/wp\/v2\/users\/1"}],"replies":[{"embeddable":true,"href":"https:\/\/tousbatterie.com\/blogs\/wp-json\/wp\/v2\/comments?post=392"}],"version-history":[{"count":1,"href":"https:\/\/tousbatterie.com\/blogs\/wp-json\/wp\/v2\/posts\/392\/revisions"}],"predecessor-version":[{"id":393,"href":"https:\/\/tousbatterie.com\/blogs\/wp-json\/wp\/v2\/posts\/392\/revisions\/393"}],"wp:attachment":[{"href":"https:\/\/tousbatterie.com\/blogs\/wp-json\/wp\/v2\/media?parent=392"}],"wp:term":[{"taxonomy":"category","embeddable":true,"href":"https:\/\/tousbatterie.com\/blogs\/wp-json\/wp\/v2\/categories?post=392"},{"taxonomy":"post_tag","embeddable":true,"href":"https:\/\/tousbatterie.com\/blogs\/wp-json\/wp\/v2\/tags?post=392"}],"curies":[{"name":"wp","href":"https:\/\/api.w.org\/{rel}","templated":true}]}}