{"id":374,"date":"2024-12-26T01:40:37","date_gmt":"2024-12-26T01:40:37","guid":{"rendered":"https:\/\/tousbatterie.com\/blogs\/?p=374"},"modified":"2024-12-26T01:41:34","modified_gmt":"2024-12-26T01:41:34","slug":"les-rapports-de-lindustrie-confirment-la-taille-de-la-memoire-vive-et-la-date-de-lancement-du-galaxy-s25-ultra","status":"publish","type":"post","link":"https:\/\/tousbatterie.com\/blogs\/2024\/12\/26\/les-rapports-de-lindustrie-confirment-la-taille-de-la-memoire-vive-et-la-date-de-lancement-du-galaxy-s25-ultra\/","title":{"rendered":"Les rapports de l&rsquo;industrie confirment la taille de la m\u00e9moire vive et la date de lancement du Galaxy S25 Ultra"},"content":{"rendered":"\n<p>La date \u00e0 laquelle les utilisateurs pourront r\u00e9ellement mettre la main sur un Galaxy S25, Galaxy S25+ ou Galaxy S25 Ultra a \u00e9t\u00e9 r\u00e9v\u00e9l\u00e9e par un magazine d&rsquo;information sud-cor\u00e9en, qui indique \u00e9galement la date exacte de l&rsquo;\u00e9v\u00e9nement Galaxy Unpacked, ce qui clarifie les divergences entre les dates pr\u00e9c\u00e9demment mentionn\u00e9es. Enfin, les indications pr\u00e9c\u00e9dentes concernant la m\u00e9moire vive suppl\u00e9mentaire ont \u00e9t\u00e9 confirm\u00e9es.<\/p>\n\n\n\n<p>La plupart des \u00e9diteurs de l&rsquo;industrie sud-cor\u00e9enne s&rsquo;appuient sur \u00ab\u00a0l&rsquo;industrie\u00a0\u00bb pour leurs informations, ce qui signifie que les derni\u00e8res donn\u00e9es des deux m\u00e9dias FNnews et ETNews proviennent probablement d&rsquo;initi\u00e9s de l&rsquo;industrie des fournisseurs ou de partenaires de Samsung. Les donn\u00e9es fournies r\u00e9cemment par FNnews sont particuli\u00e8rement int\u00e9ressantes.<\/p>\n\n\n\n<p>Galaxy Heure de l&rsquo;\u00e9v\u00e9nement Unpacked<\/p>\n\n\n\n<p>On savait d\u00e9j\u00e0 que Samsung tiendrait son premier \u00e9v\u00e9nement Galaxy Unpacked de 2025 \u00e0 San Francisco, mais les d\u00e9clarations divergent quant \u00e0 la date. Certains ont affirm\u00e9 qu&rsquo;il s&rsquo;agirait du 22 janvier, tandis que d&rsquo;autres ont parl\u00e9 du 23 janvier. Selon Fnnews, les deux dates sont probablement correctes, le raisonnement \u00e9tant que l&rsquo;\u00e9v\u00e9nement Galaxy Unpacked aura lieu le 22 janvier \u00e0 11 heures, heure de Californie, ce qui correspond au 23 janvier \u00e0 3 heures du matin en Cor\u00e9e du Sud.<\/p>\n\n\n\n<p>Disponibilit\u00e9 en f\u00e9vrier 2025<br>Le rapport r\u00e9v\u00e8le \u00e9galement la date \u00e0 laquelle les pr\u00e9-commanditaires pourront mettre la main sur le Galaxy S25 au plus tard : la disponibilit\u00e9 est cens\u00e9e se situer entre le 4 et le 7 f\u00e9vrier 2025, ce qui est un peu plus tard que le Galaxy S24qui a \u00e9t\u00e9 mis en vente le 31 janvier de cette ann\u00e9e.<\/p>\n\n\n\n<p>Plus de m\u00e9moire vive dans le Galaxy S25<br>Enfin, ETNews confirme une fois de plus les fuites pr\u00e9c\u00e9dentes que Samsung dote le Galaxy S25 de plus de m\u00e9moire vive. Toutes les configurations de stockage du S25 Ultra (256 Go\/512 Go\/1 TB) seront dot\u00e9es de 16 Go de RAM, tandis que toutes les configurations de stockage du Galaxy S25 et Galaxy S25+ seront dot\u00e9es de 12 Go de RAM, selon des informations ant\u00e9rieures.<\/p>\n\n\n\n<figure class=\"wp-block-image size-full\"><img loading=\"lazy\" decoding=\"async\" width=\"240\" height=\"180\" src=\"https:\/\/tousbatterie.com\/blogs\/wp-content\/uploads\/2024\/12\/image-23.png\" alt=\"\" class=\"wp-image-375\"\/><\/figure>\n\n\n\n<p>Vous recherchez une nouvelle batterie de<a href=\"https:\/\/www.tousbatterie.com\/search?k=Samsung\"> smartphone et de t\u00e9l\u00e9phone Samsung<\/a> ? Concentr\u00e9 sur les smartphones et batteries de t\u00e9l\u00e9phones portables Samsung depuis plus de 10 ans, les batteries de smartphones et de t\u00e9l\u00e9phones portables avec le meilleur rapport qualit\u00e9\/prix Si vous avez une batterie de t\u00e9l\u00e9phone portable Samsung qui doit \u00eatre remplac\u00e9e, cliquez ici<\/p>\n","protected":false},"excerpt":{"rendered":"<p>La date \u00e0 laquelle les utilisateurs pourront r\u00e9ellement mettre la main sur un Galaxy S25, Galaxy S25+ ou Galaxy S25<\/p>\n","protected":false},"author":1,"featured_media":0,"comment_status":"open","ping_status":"open","sticky":false,"template":"","format":"standard","meta":{"saved_in_kubio":false,"footnotes":""},"categories":[13],"tags":[18],"class_list":["post-374","post","type-post","status-publish","format-standard","hentry","category-recommander","tag-samsung"],"yoast_head":"<!-- This site is optimized with the Yoast SEO plugin v23.8 - https:\/\/yoast.com\/wordpress\/plugins\/seo\/ -->\n<title>Les rapports de l&#039;industrie confirment la taille de la m\u00e9moire vive et la date de lancement du Galaxy S25 Ultra - Tousbatterie Blog<\/title>\n<meta name=\"robots\" content=\"index, follow, max-snippet:-1, max-image-preview:large, max-video-preview:-1\" \/>\n<link rel=\"canonical\" href=\"https:\/\/tousbatterie.com\/blogs\/2024\/12\/26\/les-rapports-de-lindustrie-confirment-la-taille-de-la-memoire-vive-et-la-date-de-lancement-du-galaxy-s25-ultra\/\" \/>\n<meta property=\"og:locale\" content=\"fr_FR\" \/>\n<meta property=\"og:type\" content=\"article\" \/>\n<meta property=\"og:title\" content=\"Les rapports de l&#039;industrie confirment la taille de la m\u00e9moire vive et la date de lancement du Galaxy S25 Ultra - Tousbatterie Blog\" \/>\n<meta property=\"og:description\" content=\"La date \u00e0 laquelle les utilisateurs pourront r\u00e9ellement mettre la main sur un Galaxy S25, Galaxy S25+ ou Galaxy S25\" \/>\n<meta property=\"og:url\" content=\"https:\/\/tousbatterie.com\/blogs\/2024\/12\/26\/les-rapports-de-lindustrie-confirment-la-taille-de-la-memoire-vive-et-la-date-de-lancement-du-galaxy-s25-ultra\/\" \/>\n<meta property=\"og:site_name\" content=\"Tousbatterie Blog\" \/>\n<meta property=\"article:published_time\" content=\"2024-12-26T01:40:37+00:00\" \/>\n<meta property=\"article:modified_time\" content=\"2024-12-26T01:41:34+00:00\" \/>\n<meta property=\"og:image\" content=\"https:\/\/tousbatterie.com\/blogs\/wp-content\/uploads\/2024\/12\/image-23.png\" \/>\n\t<meta property=\"og:image:width\" content=\"240\" \/>\n\t<meta property=\"og:image:height\" content=\"180\" \/>\n\t<meta property=\"og:image:type\" content=\"image\/png\" \/>\n<meta name=\"author\" content=\"admin\" \/>\n<meta name=\"twitter:card\" content=\"summary_large_image\" \/>\n<meta name=\"twitter:label1\" content=\"\u00c9crit par\" \/>\n\t<meta name=\"twitter:data1\" content=\"admin\" \/>\n\t<meta name=\"twitter:label2\" content=\"Dur\u00e9e de lecture estim\u00e9e\" \/>\n\t<meta name=\"twitter:data2\" content=\"3 minutes\" \/>\n<script type=\"application\/ld+json\" class=\"yoast-schema-graph\">{\"@context\":\"https:\/\/schema.org\",\"@graph\":[{\"@type\":\"Article\",\"@id\":\"https:\/\/tousbatterie.com\/blogs\/2024\/12\/26\/les-rapports-de-lindustrie-confirment-la-taille-de-la-memoire-vive-et-la-date-de-lancement-du-galaxy-s25-ultra\/#article\",\"isPartOf\":{\"@id\":\"https:\/\/tousbatterie.com\/blogs\/2024\/12\/26\/les-rapports-de-lindustrie-confirment-la-taille-de-la-memoire-vive-et-la-date-de-lancement-du-galaxy-s25-ultra\/\"},\"author\":{\"name\":\"admin\",\"@id\":\"https:\/\/tousbatterie.com\/blogs\/#\/schema\/person\/a598a25baaef0054f739d21583632982\"},\"headline\":\"Les rapports de l&rsquo;industrie confirment la taille de la m\u00e9moire vive et la date de lancement du Galaxy S25 Ultra\",\"datePublished\":\"2024-12-26T01:40:37+00:00\",\"dateModified\":\"2024-12-26T01:41:34+00:00\",\"mainEntityOfPage\":{\"@id\":\"https:\/\/tousbatterie.com\/blogs\/2024\/12\/26\/les-rapports-de-lindustrie-confirment-la-taille-de-la-memoire-vive-et-la-date-de-lancement-du-galaxy-s25-ultra\/\"},\"wordCount\":447,\"commentCount\":0,\"publisher\":{\"@id\":\"https:\/\/tousbatterie.com\/blogs\/#\/schema\/person\/a598a25baaef0054f739d21583632982\"},\"image\":{\"@id\":\"https:\/\/tousbatterie.com\/blogs\/2024\/12\/26\/les-rapports-de-lindustrie-confirment-la-taille-de-la-memoire-vive-et-la-date-de-lancement-du-galaxy-s25-ultra\/#primaryimage\"},\"thumbnailUrl\":\"https:\/\/tousbatterie.com\/blogs\/wp-content\/uploads\/2024\/12\/image-23.png\",\"keywords\":[\"Samsung\"],\"articleSection\":[\"Recommander\"],\"inLanguage\":\"fr-FR\",\"potentialAction\":[{\"@type\":\"CommentAction\",\"name\":\"Comment\",\"target\":[\"https:\/\/tousbatterie.com\/blogs\/2024\/12\/26\/les-rapports-de-lindustrie-confirment-la-taille-de-la-memoire-vive-et-la-date-de-lancement-du-galaxy-s25-ultra\/#respond\"]}]},{\"@type\":\"WebPage\",\"@id\":\"https:\/\/tousbatterie.com\/blogs\/2024\/12\/26\/les-rapports-de-lindustrie-confirment-la-taille-de-la-memoire-vive-et-la-date-de-lancement-du-galaxy-s25-ultra\/\",\"url\":\"https:\/\/tousbatterie.com\/blogs\/2024\/12\/26\/les-rapports-de-lindustrie-confirment-la-taille-de-la-memoire-vive-et-la-date-de-lancement-du-galaxy-s25-ultra\/\",\"name\":\"Les rapports de l'industrie confirment la taille de la m\u00e9moire vive et la date de lancement du Galaxy S25 Ultra - Tousbatterie Blog\",\"isPartOf\":{\"@id\":\"https:\/\/tousbatterie.com\/blogs\/#website\"},\"primaryImageOfPage\":{\"@id\":\"https:\/\/tousbatterie.com\/blogs\/2024\/12\/26\/les-rapports-de-lindustrie-confirment-la-taille-de-la-memoire-vive-et-la-date-de-lancement-du-galaxy-s25-ultra\/#primaryimage\"},\"image\":{\"@id\":\"https:\/\/tousbatterie.com\/blogs\/2024\/12\/26\/les-rapports-de-lindustrie-confirment-la-taille-de-la-memoire-vive-et-la-date-de-lancement-du-galaxy-s25-ultra\/#primaryimage\"},\"thumbnailUrl\":\"https:\/\/tousbatterie.com\/blogs\/wp-content\/uploads\/2024\/12\/image-23.png\",\"datePublished\":\"2024-12-26T01:40:37+00:00\",\"dateModified\":\"2024-12-26T01:41:34+00:00\",\"breadcrumb\":{\"@id\":\"https:\/\/tousbatterie.com\/blogs\/2024\/12\/26\/les-rapports-de-lindustrie-confirment-la-taille-de-la-memoire-vive-et-la-date-de-lancement-du-galaxy-s25-ultra\/#breadcrumb\"},\"inLanguage\":\"fr-FR\",\"potentialAction\":[{\"@type\":\"ReadAction\",\"target\":[\"https:\/\/tousbatterie.com\/blogs\/2024\/12\/26\/les-rapports-de-lindustrie-confirment-la-taille-de-la-memoire-vive-et-la-date-de-lancement-du-galaxy-s25-ultra\/\"]}]},{\"@type\":\"ImageObject\",\"inLanguage\":\"fr-FR\",\"@id\":\"https:\/\/tousbatterie.com\/blogs\/2024\/12\/26\/les-rapports-de-lindustrie-confirment-la-taille-de-la-memoire-vive-et-la-date-de-lancement-du-galaxy-s25-ultra\/#primaryimage\",\"url\":\"https:\/\/tousbatterie.com\/blogs\/wp-content\/uploads\/2024\/12\/image-23.png\",\"contentUrl\":\"https:\/\/tousbatterie.com\/blogs\/wp-content\/uploads\/2024\/12\/image-23.png\",\"width\":240,\"height\":180},{\"@type\":\"BreadcrumbList\",\"@id\":\"https:\/\/tousbatterie.com\/blogs\/2024\/12\/26\/les-rapports-de-lindustrie-confirment-la-taille-de-la-memoire-vive-et-la-date-de-lancement-du-galaxy-s25-ultra\/#breadcrumb\",\"itemListElement\":[{\"@type\":\"ListItem\",\"position\":1,\"name\":\"Home\",\"item\":\"https:\/\/tousbatterie.com\/blogs\/\"},{\"@type\":\"ListItem\",\"position\":2,\"name\":\"Les rapports de l&rsquo;industrie confirment la taille de la m\u00e9moire vive et la date de lancement du Galaxy S25 Ultra\"}]},{\"@type\":\"WebSite\",\"@id\":\"https:\/\/tousbatterie.com\/blogs\/#website\",\"url\":\"https:\/\/tousbatterie.com\/blogs\/\",\"name\":\"https:\/\/www.tousbatterie.com\/\",\"description\":\"Batteries sp\u00e9ciales pour mat\u00e9riel professionnel avec longue dur\u00e9e de vie et grande capacit\u00e9.\",\"publisher\":{\"@id\":\"https:\/\/tousbatterie.com\/blogs\/#\/schema\/person\/a598a25baaef0054f739d21583632982\"},\"potentialAction\":[{\"@type\":\"SearchAction\",\"target\":{\"@type\":\"EntryPoint\",\"urlTemplate\":\"https:\/\/tousbatterie.com\/blogs\/?s={search_term_string}\"},\"query-input\":{\"@type\":\"PropertyValueSpecification\",\"valueRequired\":true,\"valueName\":\"search_term_string\"}}],\"inLanguage\":\"fr-FR\"},{\"@type\":[\"Person\",\"Organization\"],\"@id\":\"https:\/\/tousbatterie.com\/blogs\/#\/schema\/person\/a598a25baaef0054f739d21583632982\",\"name\":\"admin\",\"image\":{\"@type\":\"ImageObject\",\"inLanguage\":\"fr-FR\",\"@id\":\"https:\/\/tousbatterie.com\/blogs\/#\/schema\/person\/image\/\",\"url\":\"https:\/\/tousbatterie.com\/blogs\/wp-content\/uploads\/2024\/11\/Batterie.jpg\",\"contentUrl\":\"https:\/\/tousbatterie.com\/blogs\/wp-content\/uploads\/2024\/11\/Batterie.jpg\",\"width\":730,\"height\":593,\"caption\":\"admin\"},\"logo\":{\"@id\":\"https:\/\/tousbatterie.com\/blogs\/#\/schema\/person\/image\/\"},\"sameAs\":[\"https:\/\/tousbatterie.com\/blogs\"],\"url\":\"https:\/\/tousbatterie.com\/blogs\/author\/admin\/\"}]}<\/script>\n<!-- \/ Yoast SEO plugin. -->","yoast_head_json":{"title":"Les rapports de l'industrie confirment la taille de la m\u00e9moire vive et la date de lancement du Galaxy S25 Ultra - Tousbatterie Blog","robots":{"index":"index","follow":"follow","max-snippet":"max-snippet:-1","max-image-preview":"max-image-preview:large","max-video-preview":"max-video-preview:-1"},"canonical":"https:\/\/tousbatterie.com\/blogs\/2024\/12\/26\/les-rapports-de-lindustrie-confirment-la-taille-de-la-memoire-vive-et-la-date-de-lancement-du-galaxy-s25-ultra\/","og_locale":"fr_FR","og_type":"article","og_title":"Les rapports de l'industrie confirment la taille de la m\u00e9moire vive et la date de lancement du Galaxy S25 Ultra - Tousbatterie Blog","og_description":"La date \u00e0 laquelle les utilisateurs pourront r\u00e9ellement mettre la main sur un Galaxy S25, Galaxy S25+ ou Galaxy S25","og_url":"https:\/\/tousbatterie.com\/blogs\/2024\/12\/26\/les-rapports-de-lindustrie-confirment-la-taille-de-la-memoire-vive-et-la-date-de-lancement-du-galaxy-s25-ultra\/","og_site_name":"Tousbatterie Blog","article_published_time":"2024-12-26T01:40:37+00:00","article_modified_time":"2024-12-26T01:41:34+00:00","og_image":[{"width":240,"height":180,"url":"https:\/\/tousbatterie.com\/blogs\/wp-content\/uploads\/2024\/12\/image-23.png","type":"image\/png"}],"author":"admin","twitter_card":"summary_large_image","twitter_misc":{"\u00c9crit par":"admin","Dur\u00e9e de lecture estim\u00e9e":"3 minutes"},"schema":{"@context":"https:\/\/schema.org","@graph":[{"@type":"Article","@id":"https:\/\/tousbatterie.com\/blogs\/2024\/12\/26\/les-rapports-de-lindustrie-confirment-la-taille-de-la-memoire-vive-et-la-date-de-lancement-du-galaxy-s25-ultra\/#article","isPartOf":{"@id":"https:\/\/tousbatterie.com\/blogs\/2024\/12\/26\/les-rapports-de-lindustrie-confirment-la-taille-de-la-memoire-vive-et-la-date-de-lancement-du-galaxy-s25-ultra\/"},"author":{"name":"admin","@id":"https:\/\/tousbatterie.com\/blogs\/#\/schema\/person\/a598a25baaef0054f739d21583632982"},"headline":"Les rapports de l&rsquo;industrie confirment la taille de la m\u00e9moire vive et la date de lancement du Galaxy S25 Ultra","datePublished":"2024-12-26T01:40:37+00:00","dateModified":"2024-12-26T01:41:34+00:00","mainEntityOfPage":{"@id":"https:\/\/tousbatterie.com\/blogs\/2024\/12\/26\/les-rapports-de-lindustrie-confirment-la-taille-de-la-memoire-vive-et-la-date-de-lancement-du-galaxy-s25-ultra\/"},"wordCount":447,"commentCount":0,"publisher":{"@id":"https:\/\/tousbatterie.com\/blogs\/#\/schema\/person\/a598a25baaef0054f739d21583632982"},"image":{"@id":"https:\/\/tousbatterie.com\/blogs\/2024\/12\/26\/les-rapports-de-lindustrie-confirment-la-taille-de-la-memoire-vive-et-la-date-de-lancement-du-galaxy-s25-ultra\/#primaryimage"},"thumbnailUrl":"https:\/\/tousbatterie.com\/blogs\/wp-content\/uploads\/2024\/12\/image-23.png","keywords":["Samsung"],"articleSection":["Recommander"],"inLanguage":"fr-FR","potentialAction":[{"@type":"CommentAction","name":"Comment","target":["https:\/\/tousbatterie.com\/blogs\/2024\/12\/26\/les-rapports-de-lindustrie-confirment-la-taille-de-la-memoire-vive-et-la-date-de-lancement-du-galaxy-s25-ultra\/#respond"]}]},{"@type":"WebPage","@id":"https:\/\/tousbatterie.com\/blogs\/2024\/12\/26\/les-rapports-de-lindustrie-confirment-la-taille-de-la-memoire-vive-et-la-date-de-lancement-du-galaxy-s25-ultra\/","url":"https:\/\/tousbatterie.com\/blogs\/2024\/12\/26\/les-rapports-de-lindustrie-confirment-la-taille-de-la-memoire-vive-et-la-date-de-lancement-du-galaxy-s25-ultra\/","name":"Les rapports de l'industrie confirment la taille de la m\u00e9moire vive et la date de lancement du Galaxy S25 Ultra - Tousbatterie Blog","isPartOf":{"@id":"https:\/\/tousbatterie.com\/blogs\/#website"},"primaryImageOfPage":{"@id":"https:\/\/tousbatterie.com\/blogs\/2024\/12\/26\/les-rapports-de-lindustrie-confirment-la-taille-de-la-memoire-vive-et-la-date-de-lancement-du-galaxy-s25-ultra\/#primaryimage"},"image":{"@id":"https:\/\/tousbatterie.com\/blogs\/2024\/12\/26\/les-rapports-de-lindustrie-confirment-la-taille-de-la-memoire-vive-et-la-date-de-lancement-du-galaxy-s25-ultra\/#primaryimage"},"thumbnailUrl":"https:\/\/tousbatterie.com\/blogs\/wp-content\/uploads\/2024\/12\/image-23.png","datePublished":"2024-12-26T01:40:37+00:00","dateModified":"2024-12-26T01:41:34+00:00","breadcrumb":{"@id":"https:\/\/tousbatterie.com\/blogs\/2024\/12\/26\/les-rapports-de-lindustrie-confirment-la-taille-de-la-memoire-vive-et-la-date-de-lancement-du-galaxy-s25-ultra\/#breadcrumb"},"inLanguage":"fr-FR","potentialAction":[{"@type":"ReadAction","target":["https:\/\/tousbatterie.com\/blogs\/2024\/12\/26\/les-rapports-de-lindustrie-confirment-la-taille-de-la-memoire-vive-et-la-date-de-lancement-du-galaxy-s25-ultra\/"]}]},{"@type":"ImageObject","inLanguage":"fr-FR","@id":"https:\/\/tousbatterie.com\/blogs\/2024\/12\/26\/les-rapports-de-lindustrie-confirment-la-taille-de-la-memoire-vive-et-la-date-de-lancement-du-galaxy-s25-ultra\/#primaryimage","url":"https:\/\/tousbatterie.com\/blogs\/wp-content\/uploads\/2024\/12\/image-23.png","contentUrl":"https:\/\/tousbatterie.com\/blogs\/wp-content\/uploads\/2024\/12\/image-23.png","width":240,"height":180},{"@type":"BreadcrumbList","@id":"https:\/\/tousbatterie.com\/blogs\/2024\/12\/26\/les-rapports-de-lindustrie-confirment-la-taille-de-la-memoire-vive-et-la-date-de-lancement-du-galaxy-s25-ultra\/#breadcrumb","itemListElement":[{"@type":"ListItem","position":1,"name":"Home","item":"https:\/\/tousbatterie.com\/blogs\/"},{"@type":"ListItem","position":2,"name":"Les rapports de l&rsquo;industrie confirment la taille de la m\u00e9moire vive et la date de lancement du Galaxy S25 Ultra"}]},{"@type":"WebSite","@id":"https:\/\/tousbatterie.com\/blogs\/#website","url":"https:\/\/tousbatterie.com\/blogs\/","name":"https:\/\/www.tousbatterie.com\/","description":"Batteries sp\u00e9ciales pour mat\u00e9riel professionnel avec longue dur\u00e9e de vie et grande capacit\u00e9.","publisher":{"@id":"https:\/\/tousbatterie.com\/blogs\/#\/schema\/person\/a598a25baaef0054f739d21583632982"},"potentialAction":[{"@type":"SearchAction","target":{"@type":"EntryPoint","urlTemplate":"https:\/\/tousbatterie.com\/blogs\/?s={search_term_string}"},"query-input":{"@type":"PropertyValueSpecification","valueRequired":true,"valueName":"search_term_string"}}],"inLanguage":"fr-FR"},{"@type":["Person","Organization"],"@id":"https:\/\/tousbatterie.com\/blogs\/#\/schema\/person\/a598a25baaef0054f739d21583632982","name":"admin","image":{"@type":"ImageObject","inLanguage":"fr-FR","@id":"https:\/\/tousbatterie.com\/blogs\/#\/schema\/person\/image\/","url":"https:\/\/tousbatterie.com\/blogs\/wp-content\/uploads\/2024\/11\/Batterie.jpg","contentUrl":"https:\/\/tousbatterie.com\/blogs\/wp-content\/uploads\/2024\/11\/Batterie.jpg","width":730,"height":593,"caption":"admin"},"logo":{"@id":"https:\/\/tousbatterie.com\/blogs\/#\/schema\/person\/image\/"},"sameAs":["https:\/\/tousbatterie.com\/blogs"],"url":"https:\/\/tousbatterie.com\/blogs\/author\/admin\/"}]}},"_links":{"self":[{"href":"https:\/\/tousbatterie.com\/blogs\/wp-json\/wp\/v2\/posts\/374","targetHints":{"allow":["GET"]}}],"collection":[{"href":"https:\/\/tousbatterie.com\/blogs\/wp-json\/wp\/v2\/posts"}],"about":[{"href":"https:\/\/tousbatterie.com\/blogs\/wp-json\/wp\/v2\/types\/post"}],"author":[{"embeddable":true,"href":"https:\/\/tousbatterie.com\/blogs\/wp-json\/wp\/v2\/users\/1"}],"replies":[{"embeddable":true,"href":"https:\/\/tousbatterie.com\/blogs\/wp-json\/wp\/v2\/comments?post=374"}],"version-history":[{"count":1,"href":"https:\/\/tousbatterie.com\/blogs\/wp-json\/wp\/v2\/posts\/374\/revisions"}],"predecessor-version":[{"id":376,"href":"https:\/\/tousbatterie.com\/blogs\/wp-json\/wp\/v2\/posts\/374\/revisions\/376"}],"wp:attachment":[{"href":"https:\/\/tousbatterie.com\/blogs\/wp-json\/wp\/v2\/media?parent=374"}],"wp:term":[{"taxonomy":"category","embeddable":true,"href":"https:\/\/tousbatterie.com\/blogs\/wp-json\/wp\/v2\/categories?post=374"},{"taxonomy":"post_tag","embeddable":true,"href":"https:\/\/tousbatterie.com\/blogs\/wp-json\/wp\/v2\/tags?post=374"}],"curies":[{"name":"wp","href":"https:\/\/api.w.org\/{rel}","templated":true}]}}