{"id":361,"date":"2024-12-24T01:34:18","date_gmt":"2024-12-24T01:34:18","guid":{"rendered":"https:\/\/tousbatterie.com\/blogs\/?p=361"},"modified":"2024-12-24T01:36:46","modified_gmt":"2024-12-24T01:36:46","slug":"samsung-enfin-pret-a-ajouter-plus-de-ram-a-son-galaxy-s25","status":"publish","type":"post","link":"https:\/\/tousbatterie.com\/blogs\/2024\/12\/24\/samsung-enfin-pret-a-ajouter-plus-de-ram-a-son-galaxy-s25\/","title":{"rendered":"Samsung enfin pr\u00eat \u00e0 ajouter plus de RAM \u00e0 son Galaxy S25\u00a0?"},"content":{"rendered":"\n<p>La g\u00e9n\u00e9ration \u00e0 venir rel\u00e9guerait les 8 Go au placard ; 12 Go, pas moins !<\/p>\n\n\n\n<p>Apr\u00e8s le S24 Plus, le S25 ?<br>Proposer 8 Go de RAM sur le mod\u00e8le de base de sa s\u00e9rie de smartphones phares, vous trouvez \u00e7a un peu chiche en 2024 ? C\u2019est pourtant ce qu\u2019a fait Samsung avec son Galaxy S24. Pour la g\u00e9n\u00e9ration suivante, celle des Galaxy S25, la firme cor\u00e9enne serait pr\u00eate \u00e0 rehausser son curseur : tous les futurs mod\u00e8les auraient au moins 12 Go.<\/p>\n\n\n\n<p>C\u2019est ce que pr\u00e9tend le d\u00e9nomm\u00e9 Abhishek Yadav sur le r\u00e9seau social X (son message a \u00e9t\u00e9 repris par Ice Universe, une source fiable). Il ajoute \u00e9galement, en r\u00e9ponse \u00e0 un commentaire, que la quantit\u00e9 de stockage de base passera \u00e0 256 Go, contre 128 Go pour le S24.<\/p>\n\n\n\n<p>Pour la m\u00e9moire vive, la tendance a \u00e9t\u00e9 observ\u00e9e pour la g\u00e9n\u00e9ration actuelle, mais uniquement pour le Galaxy S24 Plus. Celui-ci embarque 12 Go de RAM, alors que le Galaxy S23+ se contente de 8 Go.<\/p>\n\n\n\n<p>Une histoire d\u2019IA<br>Envisager que le Galaxy S25 de base ait \u00e0 son tour droit \u00e0 un rab de RAM n\u2019est donc pas totalement saugrenu. D\u2019autant plus que si ces derni\u00e8res ann\u00e9es, avoir 12 Go plut\u00f4t que 8 Go n\u2019avait pas, au quotidien, un impact aussi significatif qu\u2019en avoir 8 plut\u00f4t que 4, l\u2019essor des fonctionnalit\u00e9s d\u2019IA g\u00e9n\u00e9rative, \u00e0 l\u2019image de Galaxy AI, fait monter en fl\u00e8che le besoin de m\u00e9moire vive (cette assertion vaut surtout pour faire fonctionner mod\u00e8les d\u2019intelligence artificielle localement sur les smartphones). Bien entendu, la pression exerc\u00e9e par la concurrence, avec certaines marques bien moins avares que Samsung sur ce terrain, est aussi \u00e0 prendre en compte.<\/p>\n\n\n\n<p>Concernant les mod\u00e8les Galaxy S25 Plus et Ultra, ils proposeraient tous 12 Go. Certains divulgateurs sugg\u00e8rent n\u00e9anmoins que le flagship montera \u00e0 16 Go.<\/p>\n\n\n\n<p>Nous seront rapidement fix\u00e9s, puisque la date de pr\u00e9sentation des Galaxy S25 a \u00e9t\u00e9 confirm\u00e9e en milieu de semaine par Samsung Italie : ce sera le 22 janvier 2025. En attendant, vous pouvez consulter les derni\u00e8res images du Galaxy S25 publi\u00e9es hier, ou vous plonger dans notre dossier qui rassemble toutes les rumeurs autour des Samsung Galaxy S25, S25 Plus et S25 Ultra. Quant aux nouveaut\u00e9s de One UI 7, suivez le guide.<\/p>\n\n\n\n<figure class=\"wp-block-image size-full\"><img loading=\"lazy\" decoding=\"async\" width=\"680\" height=\"453\" src=\"https:\/\/tousbatterie.com\/blogs\/wp-content\/uploads\/2024\/12\/image-19.png\" alt=\"\" class=\"wp-image-362\" srcset=\"https:\/\/tousbatterie.com\/blogs\/wp-content\/uploads\/2024\/12\/image-19.png 680w, https:\/\/tousbatterie.com\/blogs\/wp-content\/uploads\/2024\/12\/image-19-300x200.png 300w, https:\/\/tousbatterie.com\/blogs\/wp-content\/uploads\/2024\/12\/image-19-624x416.png 624w\" sizes=\"(max-width: 680px) 100vw, 680px\" \/><\/figure>\n\n\n\n<p>Vous recherchez une nouvelle batterie de <a href=\"https:\/\/www.tousbatterie.com\/search?k=Samsung\">smartphone et de t\u00e9l\u00e9phone Samsung <\/a>? Concentr\u00e9 sur les smartphones et batteries de t\u00e9l\u00e9phones portables Samsung depuis plus de 10 ans, les batteries de smartphones et de t\u00e9l\u00e9phones portables avec le meilleur rapport qualit\u00e9\/prix Si vous avez une batterie de t\u00e9l\u00e9phone portable Samsung qui doit \u00eatre remplac\u00e9e, cliquez ici<\/p>\n","protected":false},"excerpt":{"rendered":"<p>La g\u00e9n\u00e9ration \u00e0 venir rel\u00e9guerait les 8 Go au placard ; 12 Go, pas moins ! Apr\u00e8s le S24 Plus,<\/p>\n","protected":false},"author":1,"featured_media":0,"comment_status":"open","ping_status":"open","sticky":false,"template":"","format":"standard","meta":{"saved_in_kubio":false,"footnotes":""},"categories":[7],"tags":[18],"class_list":["post-361","post","type-post","status-publish","format-standard","hentry","category-conseils-sur-la-batterie-et-ladaptateur","tag-samsung"],"yoast_head":"<!-- This site is optimized with the Yoast SEO plugin v23.8 - https:\/\/yoast.com\/wordpress\/plugins\/seo\/ -->\n<title>Samsung enfin pr\u00eat \u00e0 ajouter plus de RAM \u00e0 son Galaxy S25\u00a0? - Tousbatterie Blog<\/title>\n<meta name=\"robots\" content=\"index, follow, max-snippet:-1, max-image-preview:large, max-video-preview:-1\" \/>\n<link rel=\"canonical\" href=\"https:\/\/tousbatterie.com\/blogs\/2024\/12\/24\/samsung-enfin-pret-a-ajouter-plus-de-ram-a-son-galaxy-s25\/\" \/>\n<meta property=\"og:locale\" content=\"fr_FR\" \/>\n<meta property=\"og:type\" content=\"article\" \/>\n<meta property=\"og:title\" content=\"Samsung enfin pr\u00eat \u00e0 ajouter plus de RAM \u00e0 son Galaxy S25\u00a0? - Tousbatterie Blog\" \/>\n<meta property=\"og:description\" content=\"La g\u00e9n\u00e9ration \u00e0 venir rel\u00e9guerait les 8 Go au placard ; 12 Go, pas moins ! Apr\u00e8s le S24 Plus,\" \/>\n<meta property=\"og:url\" content=\"https:\/\/tousbatterie.com\/blogs\/2024\/12\/24\/samsung-enfin-pret-a-ajouter-plus-de-ram-a-son-galaxy-s25\/\" \/>\n<meta property=\"og:site_name\" content=\"Tousbatterie Blog\" \/>\n<meta property=\"article:published_time\" content=\"2024-12-24T01:34:18+00:00\" \/>\n<meta property=\"article:modified_time\" content=\"2024-12-24T01:36:46+00:00\" \/>\n<meta property=\"og:image\" content=\"https:\/\/tousbatterie.com\/blogs\/wp-content\/uploads\/2024\/12\/image-19.png\" \/>\n\t<meta property=\"og:image:width\" content=\"680\" \/>\n\t<meta property=\"og:image:height\" content=\"453\" \/>\n\t<meta property=\"og:image:type\" content=\"image\/png\" \/>\n<meta name=\"author\" content=\"admin\" \/>\n<meta name=\"twitter:card\" content=\"summary_large_image\" \/>\n<meta name=\"twitter:label1\" content=\"\u00c9crit par\" \/>\n\t<meta name=\"twitter:data1\" content=\"admin\" \/>\n\t<meta name=\"twitter:label2\" content=\"Dur\u00e9e de lecture estim\u00e9e\" \/>\n\t<meta name=\"twitter:data2\" content=\"3 minutes\" \/>\n<script type=\"application\/ld+json\" class=\"yoast-schema-graph\">{\"@context\":\"https:\/\/schema.org\",\"@graph\":[{\"@type\":\"Article\",\"@id\":\"https:\/\/tousbatterie.com\/blogs\/2024\/12\/24\/samsung-enfin-pret-a-ajouter-plus-de-ram-a-son-galaxy-s25\/#article\",\"isPartOf\":{\"@id\":\"https:\/\/tousbatterie.com\/blogs\/2024\/12\/24\/samsung-enfin-pret-a-ajouter-plus-de-ram-a-son-galaxy-s25\/\"},\"author\":{\"name\":\"admin\",\"@id\":\"https:\/\/tousbatterie.com\/blogs\/#\/schema\/person\/a598a25baaef0054f739d21583632982\"},\"headline\":\"Samsung enfin pr\u00eat \u00e0 ajouter plus de RAM \u00e0 son Galaxy S25\u00a0?\",\"datePublished\":\"2024-12-24T01:34:18+00:00\",\"dateModified\":\"2024-12-24T01:36:46+00:00\",\"mainEntityOfPage\":{\"@id\":\"https:\/\/tousbatterie.com\/blogs\/2024\/12\/24\/samsung-enfin-pret-a-ajouter-plus-de-ram-a-son-galaxy-s25\/\"},\"wordCount\":469,\"commentCount\":0,\"publisher\":{\"@id\":\"https:\/\/tousbatterie.com\/blogs\/#\/schema\/person\/a598a25baaef0054f739d21583632982\"},\"image\":{\"@id\":\"https:\/\/tousbatterie.com\/blogs\/2024\/12\/24\/samsung-enfin-pret-a-ajouter-plus-de-ram-a-son-galaxy-s25\/#primaryimage\"},\"thumbnailUrl\":\"https:\/\/tousbatterie.com\/blogs\/wp-content\/uploads\/2024\/12\/image-19.png\",\"keywords\":[\"Samsung\"],\"articleSection\":[\"Conseils sur la Batterie et l'Adaptateur\"],\"inLanguage\":\"fr-FR\",\"potentialAction\":[{\"@type\":\"CommentAction\",\"name\":\"Comment\",\"target\":[\"https:\/\/tousbatterie.com\/blogs\/2024\/12\/24\/samsung-enfin-pret-a-ajouter-plus-de-ram-a-son-galaxy-s25\/#respond\"]}]},{\"@type\":\"WebPage\",\"@id\":\"https:\/\/tousbatterie.com\/blogs\/2024\/12\/24\/samsung-enfin-pret-a-ajouter-plus-de-ram-a-son-galaxy-s25\/\",\"url\":\"https:\/\/tousbatterie.com\/blogs\/2024\/12\/24\/samsung-enfin-pret-a-ajouter-plus-de-ram-a-son-galaxy-s25\/\",\"name\":\"Samsung enfin pr\u00eat \u00e0 ajouter plus de RAM \u00e0 son Galaxy S25\u00a0? - Tousbatterie Blog\",\"isPartOf\":{\"@id\":\"https:\/\/tousbatterie.com\/blogs\/#website\"},\"primaryImageOfPage\":{\"@id\":\"https:\/\/tousbatterie.com\/blogs\/2024\/12\/24\/samsung-enfin-pret-a-ajouter-plus-de-ram-a-son-galaxy-s25\/#primaryimage\"},\"image\":{\"@id\":\"https:\/\/tousbatterie.com\/blogs\/2024\/12\/24\/samsung-enfin-pret-a-ajouter-plus-de-ram-a-son-galaxy-s25\/#primaryimage\"},\"thumbnailUrl\":\"https:\/\/tousbatterie.com\/blogs\/wp-content\/uploads\/2024\/12\/image-19.png\",\"datePublished\":\"2024-12-24T01:34:18+00:00\",\"dateModified\":\"2024-12-24T01:36:46+00:00\",\"breadcrumb\":{\"@id\":\"https:\/\/tousbatterie.com\/blogs\/2024\/12\/24\/samsung-enfin-pret-a-ajouter-plus-de-ram-a-son-galaxy-s25\/#breadcrumb\"},\"inLanguage\":\"fr-FR\",\"potentialAction\":[{\"@type\":\"ReadAction\",\"target\":[\"https:\/\/tousbatterie.com\/blogs\/2024\/12\/24\/samsung-enfin-pret-a-ajouter-plus-de-ram-a-son-galaxy-s25\/\"]}]},{\"@type\":\"ImageObject\",\"inLanguage\":\"fr-FR\",\"@id\":\"https:\/\/tousbatterie.com\/blogs\/2024\/12\/24\/samsung-enfin-pret-a-ajouter-plus-de-ram-a-son-galaxy-s25\/#primaryimage\",\"url\":\"https:\/\/tousbatterie.com\/blogs\/wp-content\/uploads\/2024\/12\/image-19.png\",\"contentUrl\":\"https:\/\/tousbatterie.com\/blogs\/wp-content\/uploads\/2024\/12\/image-19.png\",\"width\":680,\"height\":453},{\"@type\":\"BreadcrumbList\",\"@id\":\"https:\/\/tousbatterie.com\/blogs\/2024\/12\/24\/samsung-enfin-pret-a-ajouter-plus-de-ram-a-son-galaxy-s25\/#breadcrumb\",\"itemListElement\":[{\"@type\":\"ListItem\",\"position\":1,\"name\":\"Home\",\"item\":\"https:\/\/tousbatterie.com\/blogs\/\"},{\"@type\":\"ListItem\",\"position\":2,\"name\":\"Samsung enfin pr\u00eat \u00e0 ajouter plus de RAM \u00e0 son Galaxy S25\u00a0?\"}]},{\"@type\":\"WebSite\",\"@id\":\"https:\/\/tousbatterie.com\/blogs\/#website\",\"url\":\"https:\/\/tousbatterie.com\/blogs\/\",\"name\":\"https:\/\/www.tousbatterie.com\/\",\"description\":\"Batteries sp\u00e9ciales pour mat\u00e9riel professionnel avec longue dur\u00e9e de vie et grande capacit\u00e9.\",\"publisher\":{\"@id\":\"https:\/\/tousbatterie.com\/blogs\/#\/schema\/person\/a598a25baaef0054f739d21583632982\"},\"potentialAction\":[{\"@type\":\"SearchAction\",\"target\":{\"@type\":\"EntryPoint\",\"urlTemplate\":\"https:\/\/tousbatterie.com\/blogs\/?s={search_term_string}\"},\"query-input\":{\"@type\":\"PropertyValueSpecification\",\"valueRequired\":true,\"valueName\":\"search_term_string\"}}],\"inLanguage\":\"fr-FR\"},{\"@type\":[\"Person\",\"Organization\"],\"@id\":\"https:\/\/tousbatterie.com\/blogs\/#\/schema\/person\/a598a25baaef0054f739d21583632982\",\"name\":\"admin\",\"image\":{\"@type\":\"ImageObject\",\"inLanguage\":\"fr-FR\",\"@id\":\"https:\/\/tousbatterie.com\/blogs\/#\/schema\/person\/image\/\",\"url\":\"https:\/\/tousbatterie.com\/blogs\/wp-content\/uploads\/2024\/11\/Batterie.jpg\",\"contentUrl\":\"https:\/\/tousbatterie.com\/blogs\/wp-content\/uploads\/2024\/11\/Batterie.jpg\",\"width\":730,\"height\":593,\"caption\":\"admin\"},\"logo\":{\"@id\":\"https:\/\/tousbatterie.com\/blogs\/#\/schema\/person\/image\/\"},\"sameAs\":[\"https:\/\/tousbatterie.com\/blogs\"],\"url\":\"https:\/\/tousbatterie.com\/blogs\/author\/admin\/\"}]}<\/script>\n<!-- \/ Yoast SEO plugin. -->","yoast_head_json":{"title":"Samsung enfin pr\u00eat \u00e0 ajouter plus de RAM \u00e0 son Galaxy S25\u00a0? - Tousbatterie Blog","robots":{"index":"index","follow":"follow","max-snippet":"max-snippet:-1","max-image-preview":"max-image-preview:large","max-video-preview":"max-video-preview:-1"},"canonical":"https:\/\/tousbatterie.com\/blogs\/2024\/12\/24\/samsung-enfin-pret-a-ajouter-plus-de-ram-a-son-galaxy-s25\/","og_locale":"fr_FR","og_type":"article","og_title":"Samsung enfin pr\u00eat \u00e0 ajouter plus de RAM \u00e0 son Galaxy S25\u00a0? - Tousbatterie Blog","og_description":"La g\u00e9n\u00e9ration \u00e0 venir rel\u00e9guerait les 8 Go au placard ; 12 Go, pas moins ! Apr\u00e8s le S24 Plus,","og_url":"https:\/\/tousbatterie.com\/blogs\/2024\/12\/24\/samsung-enfin-pret-a-ajouter-plus-de-ram-a-son-galaxy-s25\/","og_site_name":"Tousbatterie Blog","article_published_time":"2024-12-24T01:34:18+00:00","article_modified_time":"2024-12-24T01:36:46+00:00","og_image":[{"width":680,"height":453,"url":"https:\/\/tousbatterie.com\/blogs\/wp-content\/uploads\/2024\/12\/image-19.png","type":"image\/png"}],"author":"admin","twitter_card":"summary_large_image","twitter_misc":{"\u00c9crit par":"admin","Dur\u00e9e de lecture estim\u00e9e":"3 minutes"},"schema":{"@context":"https:\/\/schema.org","@graph":[{"@type":"Article","@id":"https:\/\/tousbatterie.com\/blogs\/2024\/12\/24\/samsung-enfin-pret-a-ajouter-plus-de-ram-a-son-galaxy-s25\/#article","isPartOf":{"@id":"https:\/\/tousbatterie.com\/blogs\/2024\/12\/24\/samsung-enfin-pret-a-ajouter-plus-de-ram-a-son-galaxy-s25\/"},"author":{"name":"admin","@id":"https:\/\/tousbatterie.com\/blogs\/#\/schema\/person\/a598a25baaef0054f739d21583632982"},"headline":"Samsung enfin pr\u00eat \u00e0 ajouter plus de RAM \u00e0 son Galaxy S25\u00a0?","datePublished":"2024-12-24T01:34:18+00:00","dateModified":"2024-12-24T01:36:46+00:00","mainEntityOfPage":{"@id":"https:\/\/tousbatterie.com\/blogs\/2024\/12\/24\/samsung-enfin-pret-a-ajouter-plus-de-ram-a-son-galaxy-s25\/"},"wordCount":469,"commentCount":0,"publisher":{"@id":"https:\/\/tousbatterie.com\/blogs\/#\/schema\/person\/a598a25baaef0054f739d21583632982"},"image":{"@id":"https:\/\/tousbatterie.com\/blogs\/2024\/12\/24\/samsung-enfin-pret-a-ajouter-plus-de-ram-a-son-galaxy-s25\/#primaryimage"},"thumbnailUrl":"https:\/\/tousbatterie.com\/blogs\/wp-content\/uploads\/2024\/12\/image-19.png","keywords":["Samsung"],"articleSection":["Conseils sur la Batterie et l'Adaptateur"],"inLanguage":"fr-FR","potentialAction":[{"@type":"CommentAction","name":"Comment","target":["https:\/\/tousbatterie.com\/blogs\/2024\/12\/24\/samsung-enfin-pret-a-ajouter-plus-de-ram-a-son-galaxy-s25\/#respond"]}]},{"@type":"WebPage","@id":"https:\/\/tousbatterie.com\/blogs\/2024\/12\/24\/samsung-enfin-pret-a-ajouter-plus-de-ram-a-son-galaxy-s25\/","url":"https:\/\/tousbatterie.com\/blogs\/2024\/12\/24\/samsung-enfin-pret-a-ajouter-plus-de-ram-a-son-galaxy-s25\/","name":"Samsung enfin pr\u00eat \u00e0 ajouter plus de RAM \u00e0 son Galaxy S25\u00a0? - Tousbatterie Blog","isPartOf":{"@id":"https:\/\/tousbatterie.com\/blogs\/#website"},"primaryImageOfPage":{"@id":"https:\/\/tousbatterie.com\/blogs\/2024\/12\/24\/samsung-enfin-pret-a-ajouter-plus-de-ram-a-son-galaxy-s25\/#primaryimage"},"image":{"@id":"https:\/\/tousbatterie.com\/blogs\/2024\/12\/24\/samsung-enfin-pret-a-ajouter-plus-de-ram-a-son-galaxy-s25\/#primaryimage"},"thumbnailUrl":"https:\/\/tousbatterie.com\/blogs\/wp-content\/uploads\/2024\/12\/image-19.png","datePublished":"2024-12-24T01:34:18+00:00","dateModified":"2024-12-24T01:36:46+00:00","breadcrumb":{"@id":"https:\/\/tousbatterie.com\/blogs\/2024\/12\/24\/samsung-enfin-pret-a-ajouter-plus-de-ram-a-son-galaxy-s25\/#breadcrumb"},"inLanguage":"fr-FR","potentialAction":[{"@type":"ReadAction","target":["https:\/\/tousbatterie.com\/blogs\/2024\/12\/24\/samsung-enfin-pret-a-ajouter-plus-de-ram-a-son-galaxy-s25\/"]}]},{"@type":"ImageObject","inLanguage":"fr-FR","@id":"https:\/\/tousbatterie.com\/blogs\/2024\/12\/24\/samsung-enfin-pret-a-ajouter-plus-de-ram-a-son-galaxy-s25\/#primaryimage","url":"https:\/\/tousbatterie.com\/blogs\/wp-content\/uploads\/2024\/12\/image-19.png","contentUrl":"https:\/\/tousbatterie.com\/blogs\/wp-content\/uploads\/2024\/12\/image-19.png","width":680,"height":453},{"@type":"BreadcrumbList","@id":"https:\/\/tousbatterie.com\/blogs\/2024\/12\/24\/samsung-enfin-pret-a-ajouter-plus-de-ram-a-son-galaxy-s25\/#breadcrumb","itemListElement":[{"@type":"ListItem","position":1,"name":"Home","item":"https:\/\/tousbatterie.com\/blogs\/"},{"@type":"ListItem","position":2,"name":"Samsung enfin pr\u00eat \u00e0 ajouter plus de RAM \u00e0 son Galaxy S25\u00a0?"}]},{"@type":"WebSite","@id":"https:\/\/tousbatterie.com\/blogs\/#website","url":"https:\/\/tousbatterie.com\/blogs\/","name":"https:\/\/www.tousbatterie.com\/","description":"Batteries sp\u00e9ciales pour mat\u00e9riel professionnel avec longue dur\u00e9e de vie et grande capacit\u00e9.","publisher":{"@id":"https:\/\/tousbatterie.com\/blogs\/#\/schema\/person\/a598a25baaef0054f739d21583632982"},"potentialAction":[{"@type":"SearchAction","target":{"@type":"EntryPoint","urlTemplate":"https:\/\/tousbatterie.com\/blogs\/?s={search_term_string}"},"query-input":{"@type":"PropertyValueSpecification","valueRequired":true,"valueName":"search_term_string"}}],"inLanguage":"fr-FR"},{"@type":["Person","Organization"],"@id":"https:\/\/tousbatterie.com\/blogs\/#\/schema\/person\/a598a25baaef0054f739d21583632982","name":"admin","image":{"@type":"ImageObject","inLanguage":"fr-FR","@id":"https:\/\/tousbatterie.com\/blogs\/#\/schema\/person\/image\/","url":"https:\/\/tousbatterie.com\/blogs\/wp-content\/uploads\/2024\/11\/Batterie.jpg","contentUrl":"https:\/\/tousbatterie.com\/blogs\/wp-content\/uploads\/2024\/11\/Batterie.jpg","width":730,"height":593,"caption":"admin"},"logo":{"@id":"https:\/\/tousbatterie.com\/blogs\/#\/schema\/person\/image\/"},"sameAs":["https:\/\/tousbatterie.com\/blogs"],"url":"https:\/\/tousbatterie.com\/blogs\/author\/admin\/"}]}},"_links":{"self":[{"href":"https:\/\/tousbatterie.com\/blogs\/wp-json\/wp\/v2\/posts\/361","targetHints":{"allow":["GET"]}}],"collection":[{"href":"https:\/\/tousbatterie.com\/blogs\/wp-json\/wp\/v2\/posts"}],"about":[{"href":"https:\/\/tousbatterie.com\/blogs\/wp-json\/wp\/v2\/types\/post"}],"author":[{"embeddable":true,"href":"https:\/\/tousbatterie.com\/blogs\/wp-json\/wp\/v2\/users\/1"}],"replies":[{"embeddable":true,"href":"https:\/\/tousbatterie.com\/blogs\/wp-json\/wp\/v2\/comments?post=361"}],"version-history":[{"count":1,"href":"https:\/\/tousbatterie.com\/blogs\/wp-json\/wp\/v2\/posts\/361\/revisions"}],"predecessor-version":[{"id":363,"href":"https:\/\/tousbatterie.com\/blogs\/wp-json\/wp\/v2\/posts\/361\/revisions\/363"}],"wp:attachment":[{"href":"https:\/\/tousbatterie.com\/blogs\/wp-json\/wp\/v2\/media?parent=361"}],"wp:term":[{"taxonomy":"category","embeddable":true,"href":"https:\/\/tousbatterie.com\/blogs\/wp-json\/wp\/v2\/categories?post=361"},{"taxonomy":"post_tag","embeddable":true,"href":"https:\/\/tousbatterie.com\/blogs\/wp-json\/wp\/v2\/tags?post=361"}],"curies":[{"name":"wp","href":"https:\/\/api.w.org\/{rel}","templated":true}]}}