{"id":354,"date":"2024-12-23T01:38:09","date_gmt":"2024-12-23T01:38:09","guid":{"rendered":"https:\/\/tousbatterie.com\/blogs\/?p=354"},"modified":"2024-12-23T01:39:05","modified_gmt":"2024-12-23T01:39:05","slug":"la-serie-realme-14-pro-dotee-dun-design-unique-sensible-au-froid-unique-pearl-design-devrait-etre-lancee-debut-2025","status":"publish","type":"post","link":"https:\/\/tousbatterie.com\/blogs\/2024\/12\/23\/la-serie-realme-14-pro-dotee-dun-design-unique-sensible-au-froid-unique-pearl-design-devrait-etre-lancee-debut-2025\/","title":{"rendered":"La s\u00e9rie Realme 14 Pro, dot\u00e9e d&rsquo;un design unique sensible au froid (Unique Pearl Design), devrait \u00eatre lanc\u00e9e d\u00e9but 2025"},"content":{"rendered":"\n<p><a href=\"https:\/\/www.tousbatterie.com\/search?k=realme\">Realme<\/a> a confirm\u00e9 que les successeurs des 13 Pro et Pro+ seront d\u00e9voil\u00e9s en janvier 2025. Les nouveaux appareils seront les premiers smartphones Android au monde avec des panneaux arri\u00e8re qui changent de couleur lorsqu&rsquo;il fait suffisamment froid. La s\u00e9rie 14 Pro devrait \u00e9galement \u00eatre \u00e9quip\u00e9e d&rsquo;un appareil photo minimalement modifi\u00e9 et d&rsquo;un SoC mis \u00e0 jour.<\/p>\n\n\n\n<p>Les prochains smartphones de milieu de gamme de Realme n&rsquo;ont montr\u00e9 aucun signe de diff\u00e9rence par rapport \u00e0 leurs pr\u00e9d\u00e9cesseurs 13 Pro et Pro+ dans les fuites qui ont eu lieu jusqu&rsquo;\u00e0 pr\u00e9sent. Aujourd&rsquo;hui, cependant, la marque a annonc\u00e9 qu&rsquo;elle abandonnera en fait le design de ces appareils Monet Design de ces appareils pour quelque chose de plus susceptible de distinguer ses derniers smartphones de la s\u00e9rie num\u00e9rot\u00e9e.<\/p>\n\n\n\n<p>La s\u00e9rie 14 Pro est d\u00e9sormais pr\u00e9sent\u00e9e \u00e0 l&rsquo;adresse comme le \u00ab\u00a0premier t\u00e9l\u00e9phone froid au monde\u00a0\u00bb comme les\u00a0\u00bbpremiers appareilsau monde au design changeant de couleur sensible au froid\u00a0\u00bb sur realme.in. Le nouvel argument de vente consiste apparemment en de nouveaux mat\u00e9riaux photochromique qui permet aux panneaux arri\u00e8re des smartphones de changer progressivement de couleur.<\/p>\n\n\n\n<p>Cependant, il semble que les 14 Pro et Pro+ subiront cette r\u00e9action en r\u00e9ponse au froid plut\u00f4t qu&rsquo;\u00e0 un facteur tel que l&rsquo;exposition \u00e0 la lumi\u00e8re. En cons\u00e9quence, les fans indiens de la marque pourraient avoir la chance d&rsquo;appr\u00e9cier ce nouvel effet \u00e0 sa juste valeur, puisque la s\u00e9rie 14 Pro est maintenant en bonne voie pour un lancement en janvier 2025 dans le pays.<\/p>\n\n\n\n<p>Son nouveau design nacr\u00e9\u00a0\u00bbthermosensible\u00a0\u00bb sera ex\u00e9cut\u00e9 dans des motifs tourbillonnants, dont certains s&rsquo;assombrissent au fil du temps lorsque la temp\u00e9rature ambiante tombe \u00e0 16 \u00b0C ou moins, et variera apparemment en fonction de l&rsquo;exposition \u00e0 la lumi\u00e8re variera d&rsquo;une unit\u00e9 \u00e0 l&rsquo;autre.<\/p>\n\n\n\n<p>Entre-temps, le l\u00e9gendaire \u00ab\u00a0leaker\u00a0\u00bb Digital Chat Station pr\u00e9tend aujourd&rsquo;hui confirmer que l&rsquo;\u00e9cran \u00ab\u00a0IP68\/69&Prime;14 Pro+ aura un bo\u00eetier l\u00e9g\u00e8rement diff\u00e9rent, plus Honor Magic6-pour aller de pair avec son \u00e9cran \u00e0 lunette fine et son \u00e9cran \u00e0 trous Snapdragon 7s Gen 3 gen 3.<\/p>\n\n\n\n<figure class=\"wp-block-image size-full\"><img loading=\"lazy\" decoding=\"async\" width=\"240\" height=\"135\" src=\"https:\/\/tousbatterie.com\/blogs\/wp-content\/uploads\/2024\/12\/image-17.png\" alt=\"\" class=\"wp-image-355\"\/><\/figure>\n\n\n\n<p>Vous recherchez une nouvelle batterie de <a href=\"https:\/\/www.tousbatterie.com\/\">smartphone et de t\u00e9l\u00e9phone<\/a> ? Ax\u00e9s sur les batteries de smartphones et de t\u00e9l\u00e9phones portables depuis plus de 10 ans, les batteries de smartphones et de t\u00e9l\u00e9phones portables ont le meilleur rapport qualit\u00e9\/prix. Si vous avez une batterie de t\u00e9l\u00e9phone portable \u00e0 remplacer, cliquez ici<\/p>\n","protected":false},"excerpt":{"rendered":"<p>Realme a confirm\u00e9 que les successeurs des 13 Pro et Pro+ seront d\u00e9voil\u00e9s en janvier 2025. Les nouveaux appareils seront<\/p>\n","protected":false},"author":1,"featured_media":0,"comment_status":"open","ping_status":"open","sticky":false,"template":"","format":"standard","meta":{"saved_in_kubio":false,"footnotes":""},"categories":[13],"tags":[26],"class_list":["post-354","post","type-post","status-publish","format-standard","hentry","category-recommander","tag-smartphone"],"yoast_head":"<!-- This site is optimized with the Yoast SEO plugin v23.8 - https:\/\/yoast.com\/wordpress\/plugins\/seo\/ -->\n<title>La s\u00e9rie Realme 14 Pro, dot\u00e9e d&#039;un design unique sensible au froid (Unique Pearl Design), devrait \u00eatre lanc\u00e9e d\u00e9but 2025 - Tousbatterie Blog<\/title>\n<meta name=\"robots\" content=\"index, follow, max-snippet:-1, max-image-preview:large, max-video-preview:-1\" \/>\n<link rel=\"canonical\" href=\"https:\/\/tousbatterie.com\/blogs\/2024\/12\/23\/la-serie-realme-14-pro-dotee-dun-design-unique-sensible-au-froid-unique-pearl-design-devrait-etre-lancee-debut-2025\/\" \/>\n<meta property=\"og:locale\" content=\"fr_FR\" \/>\n<meta property=\"og:type\" content=\"article\" \/>\n<meta property=\"og:title\" content=\"La s\u00e9rie Realme 14 Pro, dot\u00e9e d&#039;un design unique sensible au froid (Unique Pearl Design), devrait \u00eatre lanc\u00e9e d\u00e9but 2025 - Tousbatterie Blog\" \/>\n<meta property=\"og:description\" content=\"Realme a confirm\u00e9 que les successeurs des 13 Pro et Pro+ seront d\u00e9voil\u00e9s en janvier 2025. Les nouveaux appareils seront\" \/>\n<meta property=\"og:url\" content=\"https:\/\/tousbatterie.com\/blogs\/2024\/12\/23\/la-serie-realme-14-pro-dotee-dun-design-unique-sensible-au-froid-unique-pearl-design-devrait-etre-lancee-debut-2025\/\" \/>\n<meta property=\"og:site_name\" content=\"Tousbatterie Blog\" \/>\n<meta property=\"article:published_time\" content=\"2024-12-23T01:38:09+00:00\" \/>\n<meta property=\"article:modified_time\" content=\"2024-12-23T01:39:05+00:00\" \/>\n<meta property=\"og:image\" content=\"https:\/\/tousbatterie.com\/blogs\/wp-content\/uploads\/2024\/12\/image-17.png\" \/>\n\t<meta property=\"og:image:width\" content=\"240\" \/>\n\t<meta property=\"og:image:height\" content=\"135\" \/>\n\t<meta property=\"og:image:type\" content=\"image\/png\" \/>\n<meta name=\"author\" content=\"admin\" \/>\n<meta name=\"twitter:card\" content=\"summary_large_image\" \/>\n<meta name=\"twitter:label1\" content=\"\u00c9crit par\" \/>\n\t<meta name=\"twitter:data1\" content=\"admin\" \/>\n\t<meta name=\"twitter:label2\" content=\"Dur\u00e9e de lecture estim\u00e9e\" \/>\n\t<meta name=\"twitter:data2\" content=\"3 minutes\" \/>\n<script type=\"application\/ld+json\" class=\"yoast-schema-graph\">{\"@context\":\"https:\/\/schema.org\",\"@graph\":[{\"@type\":\"Article\",\"@id\":\"https:\/\/tousbatterie.com\/blogs\/2024\/12\/23\/la-serie-realme-14-pro-dotee-dun-design-unique-sensible-au-froid-unique-pearl-design-devrait-etre-lancee-debut-2025\/#article\",\"isPartOf\":{\"@id\":\"https:\/\/tousbatterie.com\/blogs\/2024\/12\/23\/la-serie-realme-14-pro-dotee-dun-design-unique-sensible-au-froid-unique-pearl-design-devrait-etre-lancee-debut-2025\/\"},\"author\":{\"name\":\"admin\",\"@id\":\"https:\/\/tousbatterie.com\/blogs\/#\/schema\/person\/a598a25baaef0054f739d21583632982\"},\"headline\":\"La s\u00e9rie Realme 14 Pro, dot\u00e9e d&rsquo;un design unique sensible au froid (Unique Pearl Design), devrait \u00eatre lanc\u00e9e d\u00e9but 2025\",\"datePublished\":\"2024-12-23T01:38:09+00:00\",\"dateModified\":\"2024-12-23T01:39:05+00:00\",\"mainEntityOfPage\":{\"@id\":\"https:\/\/tousbatterie.com\/blogs\/2024\/12\/23\/la-serie-realme-14-pro-dotee-dun-design-unique-sensible-au-froid-unique-pearl-design-devrait-etre-lancee-debut-2025\/\"},\"wordCount\":443,\"commentCount\":0,\"publisher\":{\"@id\":\"https:\/\/tousbatterie.com\/blogs\/#\/schema\/person\/a598a25baaef0054f739d21583632982\"},\"image\":{\"@id\":\"https:\/\/tousbatterie.com\/blogs\/2024\/12\/23\/la-serie-realme-14-pro-dotee-dun-design-unique-sensible-au-froid-unique-pearl-design-devrait-etre-lancee-debut-2025\/#primaryimage\"},\"thumbnailUrl\":\"https:\/\/tousbatterie.com\/blogs\/wp-content\/uploads\/2024\/12\/image-17.png\",\"keywords\":[\"smartphone\"],\"articleSection\":[\"Recommander\"],\"inLanguage\":\"fr-FR\",\"potentialAction\":[{\"@type\":\"CommentAction\",\"name\":\"Comment\",\"target\":[\"https:\/\/tousbatterie.com\/blogs\/2024\/12\/23\/la-serie-realme-14-pro-dotee-dun-design-unique-sensible-au-froid-unique-pearl-design-devrait-etre-lancee-debut-2025\/#respond\"]}]},{\"@type\":\"WebPage\",\"@id\":\"https:\/\/tousbatterie.com\/blogs\/2024\/12\/23\/la-serie-realme-14-pro-dotee-dun-design-unique-sensible-au-froid-unique-pearl-design-devrait-etre-lancee-debut-2025\/\",\"url\":\"https:\/\/tousbatterie.com\/blogs\/2024\/12\/23\/la-serie-realme-14-pro-dotee-dun-design-unique-sensible-au-froid-unique-pearl-design-devrait-etre-lancee-debut-2025\/\",\"name\":\"La s\u00e9rie Realme 14 Pro, dot\u00e9e d'un design unique sensible au froid (Unique Pearl Design), devrait \u00eatre lanc\u00e9e d\u00e9but 2025 - Tousbatterie Blog\",\"isPartOf\":{\"@id\":\"https:\/\/tousbatterie.com\/blogs\/#website\"},\"primaryImageOfPage\":{\"@id\":\"https:\/\/tousbatterie.com\/blogs\/2024\/12\/23\/la-serie-realme-14-pro-dotee-dun-design-unique-sensible-au-froid-unique-pearl-design-devrait-etre-lancee-debut-2025\/#primaryimage\"},\"image\":{\"@id\":\"https:\/\/tousbatterie.com\/blogs\/2024\/12\/23\/la-serie-realme-14-pro-dotee-dun-design-unique-sensible-au-froid-unique-pearl-design-devrait-etre-lancee-debut-2025\/#primaryimage\"},\"thumbnailUrl\":\"https:\/\/tousbatterie.com\/blogs\/wp-content\/uploads\/2024\/12\/image-17.png\",\"datePublished\":\"2024-12-23T01:38:09+00:00\",\"dateModified\":\"2024-12-23T01:39:05+00:00\",\"breadcrumb\":{\"@id\":\"https:\/\/tousbatterie.com\/blogs\/2024\/12\/23\/la-serie-realme-14-pro-dotee-dun-design-unique-sensible-au-froid-unique-pearl-design-devrait-etre-lancee-debut-2025\/#breadcrumb\"},\"inLanguage\":\"fr-FR\",\"potentialAction\":[{\"@type\":\"ReadAction\",\"target\":[\"https:\/\/tousbatterie.com\/blogs\/2024\/12\/23\/la-serie-realme-14-pro-dotee-dun-design-unique-sensible-au-froid-unique-pearl-design-devrait-etre-lancee-debut-2025\/\"]}]},{\"@type\":\"ImageObject\",\"inLanguage\":\"fr-FR\",\"@id\":\"https:\/\/tousbatterie.com\/blogs\/2024\/12\/23\/la-serie-realme-14-pro-dotee-dun-design-unique-sensible-au-froid-unique-pearl-design-devrait-etre-lancee-debut-2025\/#primaryimage\",\"url\":\"https:\/\/tousbatterie.com\/blogs\/wp-content\/uploads\/2024\/12\/image-17.png\",\"contentUrl\":\"https:\/\/tousbatterie.com\/blogs\/wp-content\/uploads\/2024\/12\/image-17.png\",\"width\":240,\"height\":135},{\"@type\":\"BreadcrumbList\",\"@id\":\"https:\/\/tousbatterie.com\/blogs\/2024\/12\/23\/la-serie-realme-14-pro-dotee-dun-design-unique-sensible-au-froid-unique-pearl-design-devrait-etre-lancee-debut-2025\/#breadcrumb\",\"itemListElement\":[{\"@type\":\"ListItem\",\"position\":1,\"name\":\"Home\",\"item\":\"https:\/\/tousbatterie.com\/blogs\/\"},{\"@type\":\"ListItem\",\"position\":2,\"name\":\"La s\u00e9rie Realme 14 Pro, dot\u00e9e d&rsquo;un design unique sensible au froid (Unique Pearl Design), devrait \u00eatre lanc\u00e9e d\u00e9but 2025\"}]},{\"@type\":\"WebSite\",\"@id\":\"https:\/\/tousbatterie.com\/blogs\/#website\",\"url\":\"https:\/\/tousbatterie.com\/blogs\/\",\"name\":\"https:\/\/www.tousbatterie.com\/\",\"description\":\"Batteries sp\u00e9ciales pour mat\u00e9riel professionnel avec longue dur\u00e9e de vie et grande capacit\u00e9.\",\"publisher\":{\"@id\":\"https:\/\/tousbatterie.com\/blogs\/#\/schema\/person\/a598a25baaef0054f739d21583632982\"},\"potentialAction\":[{\"@type\":\"SearchAction\",\"target\":{\"@type\":\"EntryPoint\",\"urlTemplate\":\"https:\/\/tousbatterie.com\/blogs\/?s={search_term_string}\"},\"query-input\":{\"@type\":\"PropertyValueSpecification\",\"valueRequired\":true,\"valueName\":\"search_term_string\"}}],\"inLanguage\":\"fr-FR\"},{\"@type\":[\"Person\",\"Organization\"],\"@id\":\"https:\/\/tousbatterie.com\/blogs\/#\/schema\/person\/a598a25baaef0054f739d21583632982\",\"name\":\"admin\",\"image\":{\"@type\":\"ImageObject\",\"inLanguage\":\"fr-FR\",\"@id\":\"https:\/\/tousbatterie.com\/blogs\/#\/schema\/person\/image\/\",\"url\":\"https:\/\/tousbatterie.com\/blogs\/wp-content\/uploads\/2024\/11\/Batterie.jpg\",\"contentUrl\":\"https:\/\/tousbatterie.com\/blogs\/wp-content\/uploads\/2024\/11\/Batterie.jpg\",\"width\":730,\"height\":593,\"caption\":\"admin\"},\"logo\":{\"@id\":\"https:\/\/tousbatterie.com\/blogs\/#\/schema\/person\/image\/\"},\"sameAs\":[\"https:\/\/tousbatterie.com\/blogs\"],\"url\":\"https:\/\/tousbatterie.com\/blogs\/author\/admin\/\"}]}<\/script>\n<!-- \/ Yoast SEO plugin. -->","yoast_head_json":{"title":"La s\u00e9rie Realme 14 Pro, dot\u00e9e d'un design unique sensible au froid (Unique Pearl Design), devrait \u00eatre lanc\u00e9e d\u00e9but 2025 - Tousbatterie Blog","robots":{"index":"index","follow":"follow","max-snippet":"max-snippet:-1","max-image-preview":"max-image-preview:large","max-video-preview":"max-video-preview:-1"},"canonical":"https:\/\/tousbatterie.com\/blogs\/2024\/12\/23\/la-serie-realme-14-pro-dotee-dun-design-unique-sensible-au-froid-unique-pearl-design-devrait-etre-lancee-debut-2025\/","og_locale":"fr_FR","og_type":"article","og_title":"La s\u00e9rie Realme 14 Pro, dot\u00e9e d'un design unique sensible au froid (Unique Pearl Design), devrait \u00eatre lanc\u00e9e d\u00e9but 2025 - Tousbatterie Blog","og_description":"Realme a confirm\u00e9 que les successeurs des 13 Pro et Pro+ seront d\u00e9voil\u00e9s en janvier 2025. Les nouveaux appareils seront","og_url":"https:\/\/tousbatterie.com\/blogs\/2024\/12\/23\/la-serie-realme-14-pro-dotee-dun-design-unique-sensible-au-froid-unique-pearl-design-devrait-etre-lancee-debut-2025\/","og_site_name":"Tousbatterie Blog","article_published_time":"2024-12-23T01:38:09+00:00","article_modified_time":"2024-12-23T01:39:05+00:00","og_image":[{"width":240,"height":135,"url":"https:\/\/tousbatterie.com\/blogs\/wp-content\/uploads\/2024\/12\/image-17.png","type":"image\/png"}],"author":"admin","twitter_card":"summary_large_image","twitter_misc":{"\u00c9crit par":"admin","Dur\u00e9e de lecture estim\u00e9e":"3 minutes"},"schema":{"@context":"https:\/\/schema.org","@graph":[{"@type":"Article","@id":"https:\/\/tousbatterie.com\/blogs\/2024\/12\/23\/la-serie-realme-14-pro-dotee-dun-design-unique-sensible-au-froid-unique-pearl-design-devrait-etre-lancee-debut-2025\/#article","isPartOf":{"@id":"https:\/\/tousbatterie.com\/blogs\/2024\/12\/23\/la-serie-realme-14-pro-dotee-dun-design-unique-sensible-au-froid-unique-pearl-design-devrait-etre-lancee-debut-2025\/"},"author":{"name":"admin","@id":"https:\/\/tousbatterie.com\/blogs\/#\/schema\/person\/a598a25baaef0054f739d21583632982"},"headline":"La s\u00e9rie Realme 14 Pro, dot\u00e9e d&rsquo;un design unique sensible au froid (Unique Pearl Design), devrait \u00eatre lanc\u00e9e d\u00e9but 2025","datePublished":"2024-12-23T01:38:09+00:00","dateModified":"2024-12-23T01:39:05+00:00","mainEntityOfPage":{"@id":"https:\/\/tousbatterie.com\/blogs\/2024\/12\/23\/la-serie-realme-14-pro-dotee-dun-design-unique-sensible-au-froid-unique-pearl-design-devrait-etre-lancee-debut-2025\/"},"wordCount":443,"commentCount":0,"publisher":{"@id":"https:\/\/tousbatterie.com\/blogs\/#\/schema\/person\/a598a25baaef0054f739d21583632982"},"image":{"@id":"https:\/\/tousbatterie.com\/blogs\/2024\/12\/23\/la-serie-realme-14-pro-dotee-dun-design-unique-sensible-au-froid-unique-pearl-design-devrait-etre-lancee-debut-2025\/#primaryimage"},"thumbnailUrl":"https:\/\/tousbatterie.com\/blogs\/wp-content\/uploads\/2024\/12\/image-17.png","keywords":["smartphone"],"articleSection":["Recommander"],"inLanguage":"fr-FR","potentialAction":[{"@type":"CommentAction","name":"Comment","target":["https:\/\/tousbatterie.com\/blogs\/2024\/12\/23\/la-serie-realme-14-pro-dotee-dun-design-unique-sensible-au-froid-unique-pearl-design-devrait-etre-lancee-debut-2025\/#respond"]}]},{"@type":"WebPage","@id":"https:\/\/tousbatterie.com\/blogs\/2024\/12\/23\/la-serie-realme-14-pro-dotee-dun-design-unique-sensible-au-froid-unique-pearl-design-devrait-etre-lancee-debut-2025\/","url":"https:\/\/tousbatterie.com\/blogs\/2024\/12\/23\/la-serie-realme-14-pro-dotee-dun-design-unique-sensible-au-froid-unique-pearl-design-devrait-etre-lancee-debut-2025\/","name":"La s\u00e9rie Realme 14 Pro, dot\u00e9e d'un design unique sensible au froid (Unique Pearl Design), devrait \u00eatre lanc\u00e9e d\u00e9but 2025 - Tousbatterie Blog","isPartOf":{"@id":"https:\/\/tousbatterie.com\/blogs\/#website"},"primaryImageOfPage":{"@id":"https:\/\/tousbatterie.com\/blogs\/2024\/12\/23\/la-serie-realme-14-pro-dotee-dun-design-unique-sensible-au-froid-unique-pearl-design-devrait-etre-lancee-debut-2025\/#primaryimage"},"image":{"@id":"https:\/\/tousbatterie.com\/blogs\/2024\/12\/23\/la-serie-realme-14-pro-dotee-dun-design-unique-sensible-au-froid-unique-pearl-design-devrait-etre-lancee-debut-2025\/#primaryimage"},"thumbnailUrl":"https:\/\/tousbatterie.com\/blogs\/wp-content\/uploads\/2024\/12\/image-17.png","datePublished":"2024-12-23T01:38:09+00:00","dateModified":"2024-12-23T01:39:05+00:00","breadcrumb":{"@id":"https:\/\/tousbatterie.com\/blogs\/2024\/12\/23\/la-serie-realme-14-pro-dotee-dun-design-unique-sensible-au-froid-unique-pearl-design-devrait-etre-lancee-debut-2025\/#breadcrumb"},"inLanguage":"fr-FR","potentialAction":[{"@type":"ReadAction","target":["https:\/\/tousbatterie.com\/blogs\/2024\/12\/23\/la-serie-realme-14-pro-dotee-dun-design-unique-sensible-au-froid-unique-pearl-design-devrait-etre-lancee-debut-2025\/"]}]},{"@type":"ImageObject","inLanguage":"fr-FR","@id":"https:\/\/tousbatterie.com\/blogs\/2024\/12\/23\/la-serie-realme-14-pro-dotee-dun-design-unique-sensible-au-froid-unique-pearl-design-devrait-etre-lancee-debut-2025\/#primaryimage","url":"https:\/\/tousbatterie.com\/blogs\/wp-content\/uploads\/2024\/12\/image-17.png","contentUrl":"https:\/\/tousbatterie.com\/blogs\/wp-content\/uploads\/2024\/12\/image-17.png","width":240,"height":135},{"@type":"BreadcrumbList","@id":"https:\/\/tousbatterie.com\/blogs\/2024\/12\/23\/la-serie-realme-14-pro-dotee-dun-design-unique-sensible-au-froid-unique-pearl-design-devrait-etre-lancee-debut-2025\/#breadcrumb","itemListElement":[{"@type":"ListItem","position":1,"name":"Home","item":"https:\/\/tousbatterie.com\/blogs\/"},{"@type":"ListItem","position":2,"name":"La s\u00e9rie Realme 14 Pro, dot\u00e9e d&rsquo;un design unique sensible au froid (Unique Pearl Design), devrait \u00eatre lanc\u00e9e d\u00e9but 2025"}]},{"@type":"WebSite","@id":"https:\/\/tousbatterie.com\/blogs\/#website","url":"https:\/\/tousbatterie.com\/blogs\/","name":"https:\/\/www.tousbatterie.com\/","description":"Batteries sp\u00e9ciales pour mat\u00e9riel professionnel avec longue dur\u00e9e de vie et grande capacit\u00e9.","publisher":{"@id":"https:\/\/tousbatterie.com\/blogs\/#\/schema\/person\/a598a25baaef0054f739d21583632982"},"potentialAction":[{"@type":"SearchAction","target":{"@type":"EntryPoint","urlTemplate":"https:\/\/tousbatterie.com\/blogs\/?s={search_term_string}"},"query-input":{"@type":"PropertyValueSpecification","valueRequired":true,"valueName":"search_term_string"}}],"inLanguage":"fr-FR"},{"@type":["Person","Organization"],"@id":"https:\/\/tousbatterie.com\/blogs\/#\/schema\/person\/a598a25baaef0054f739d21583632982","name":"admin","image":{"@type":"ImageObject","inLanguage":"fr-FR","@id":"https:\/\/tousbatterie.com\/blogs\/#\/schema\/person\/image\/","url":"https:\/\/tousbatterie.com\/blogs\/wp-content\/uploads\/2024\/11\/Batterie.jpg","contentUrl":"https:\/\/tousbatterie.com\/blogs\/wp-content\/uploads\/2024\/11\/Batterie.jpg","width":730,"height":593,"caption":"admin"},"logo":{"@id":"https:\/\/tousbatterie.com\/blogs\/#\/schema\/person\/image\/"},"sameAs":["https:\/\/tousbatterie.com\/blogs"],"url":"https:\/\/tousbatterie.com\/blogs\/author\/admin\/"}]}},"_links":{"self":[{"href":"https:\/\/tousbatterie.com\/blogs\/wp-json\/wp\/v2\/posts\/354","targetHints":{"allow":["GET"]}}],"collection":[{"href":"https:\/\/tousbatterie.com\/blogs\/wp-json\/wp\/v2\/posts"}],"about":[{"href":"https:\/\/tousbatterie.com\/blogs\/wp-json\/wp\/v2\/types\/post"}],"author":[{"embeddable":true,"href":"https:\/\/tousbatterie.com\/blogs\/wp-json\/wp\/v2\/users\/1"}],"replies":[{"embeddable":true,"href":"https:\/\/tousbatterie.com\/blogs\/wp-json\/wp\/v2\/comments?post=354"}],"version-history":[{"count":1,"href":"https:\/\/tousbatterie.com\/blogs\/wp-json\/wp\/v2\/posts\/354\/revisions"}],"predecessor-version":[{"id":356,"href":"https:\/\/tousbatterie.com\/blogs\/wp-json\/wp\/v2\/posts\/354\/revisions\/356"}],"wp:attachment":[{"href":"https:\/\/tousbatterie.com\/blogs\/wp-json\/wp\/v2\/media?parent=354"}],"wp:term":[{"taxonomy":"category","embeddable":true,"href":"https:\/\/tousbatterie.com\/blogs\/wp-json\/wp\/v2\/categories?post=354"},{"taxonomy":"post_tag","embeddable":true,"href":"https:\/\/tousbatterie.com\/blogs\/wp-json\/wp\/v2\/tags?post=354"}],"curies":[{"name":"wp","href":"https:\/\/api.w.org\/{rel}","templated":true}]}}