{"id":268,"date":"2024-12-05T02:59:44","date_gmt":"2024-12-05T02:59:44","guid":{"rendered":"https:\/\/tousbatterie.com\/blogs\/?p=268"},"modified":"2024-12-05T02:59:47","modified_gmt":"2024-12-05T02:59:47","slug":"apple-iphone-17-pro-aura-un-ecran-ameliore-pour-ameliorer-lefficacite-de-la-batterie-et-la-durabilite-de-lecran","status":"publish","type":"post","link":"https:\/\/tousbatterie.com\/blogs\/2024\/12\/05\/apple-iphone-17-pro-aura-un-ecran-ameliore-pour-ameliorer-lefficacite-de-la-batterie-et-la-durabilite-de-lecran\/","title":{"rendered":"Apple iPhone 17 Pro aura un \u00e9cran am\u00e9lior\u00e9 pour am\u00e9liorer l&rsquo;efficacit\u00e9 de la batterie et la durabilit\u00e9 de l&rsquo;\u00e9cran"},"content":{"rendered":"\n<p><strong>Design moiti\u00e9 aluminium, moiti\u00e9 verre : innovation ou simple effet de mode ?<\/strong><br>L&rsquo;iPhone 17 Pro adopte un design combinant aluminium et verre : le haut est en aluminium, le bas en verre. Ce choix r\u00e9duit le poids tout en maintenant la fonctionnalit\u00e9 de la recharge sans fil. Mais cette combinaison apporte-t-elle r\u00e9ellement une meilleure exp\u00e9rience utilisateur ? Va-t-elle d\u00e9finir une nouvelle tendance pour les smartphones ?<\/p>\n\n\n\n<p><strong>Module photo rectangulaire : plus imposant ou trop intrusif ?<\/strong><br>Le module photo de l\u2019iPhone 17 Pro passera d\u2019un design carr\u00e9 \u00e0 un design rectangulaire, avec une protub\u00e9rance plus marqu\u00e9e que sur les mod\u00e8les pr\u00e9c\u00e9dents. En outre, il sera fabriqu\u00e9 en m\u00e9tal, et non en verre 3D. Cette transformation rend le dos du t\u00e9l\u00e9phone plus distinctif, mais soul\u00e8ve une question : ce design donne-t-il une allure plus imposante ou devient-il trop intrusif ?<\/p>\n\n\n\n<p><\/p>\n\n\n\n<figure class=\"wp-block-image size-full\"><img loading=\"lazy\" decoding=\"async\" width=\"674\" height=\"329\" src=\"https:\/\/tousbatterie.com\/blogs\/wp-content\/uploads\/2024\/12\/QQ20241205-105801.png\" alt=\"\" class=\"wp-image-269\" srcset=\"https:\/\/tousbatterie.com\/blogs\/wp-content\/uploads\/2024\/12\/QQ20241205-105801.png 674w, https:\/\/tousbatterie.com\/blogs\/wp-content\/uploads\/2024\/12\/QQ20241205-105801-300x146.png 300w, https:\/\/tousbatterie.com\/blogs\/wp-content\/uploads\/2024\/12\/QQ20241205-105801-624x305.png 624w\" sizes=\"(max-width: 674px) 100vw, 674px\" \/><\/figure>\n\n\n\n<p><\/p>\n\n\n\n<p><a href=\"https:\/\/www.tousbatterie.com\/search?k=iphone\">Si la batterie de votre iPhone <\/a>doit \u00eatre mise \u00e0 jour, veuillez me contacter. Si vous avez d&rsquo;autres batteries de produits \u00e9lectroniques qui doivent \u00eatre remplac\u00e9es,<a href=\"https:\/\/www.tousbatterie.com\/\"> cliquez ici.<\/a><\/p>\n","protected":false},"excerpt":{"rendered":"<p>Design moiti\u00e9 aluminium, moiti\u00e9 verre : innovation ou simple effet de mode ?L&rsquo;iPhone 17 Pro adopte un design combinant aluminium<\/p>\n","protected":false},"author":1,"featured_media":0,"comment_status":"open","ping_status":"open","sticky":false,"template":"","format":"standard","meta":{"saved_in_kubio":false,"footnotes":""},"categories":[6],"tags":[],"class_list":["post-268","post","type-post","status-publish","format-standard","hentry","category-science-populaire"],"yoast_head":"<!-- This site is optimized with the Yoast SEO plugin v23.8 - https:\/\/yoast.com\/wordpress\/plugins\/seo\/ -->\n<title>Apple iPhone 17 Pro aura un \u00e9cran am\u00e9lior\u00e9 pour am\u00e9liorer l&#039;efficacit\u00e9 de la batterie et la durabilit\u00e9 de l&#039;\u00e9cran - Tousbatterie Blog<\/title>\n<meta name=\"robots\" content=\"index, follow, max-snippet:-1, max-image-preview:large, max-video-preview:-1\" \/>\n<link rel=\"canonical\" href=\"https:\/\/tousbatterie.com\/blogs\/2024\/12\/05\/apple-iphone-17-pro-aura-un-ecran-ameliore-pour-ameliorer-lefficacite-de-la-batterie-et-la-durabilite-de-lecran\/\" \/>\n<meta property=\"og:locale\" content=\"fr_FR\" \/>\n<meta property=\"og:type\" content=\"article\" \/>\n<meta property=\"og:title\" content=\"Apple iPhone 17 Pro aura un \u00e9cran am\u00e9lior\u00e9 pour am\u00e9liorer l&#039;efficacit\u00e9 de la batterie et la durabilit\u00e9 de l&#039;\u00e9cran - Tousbatterie Blog\" \/>\n<meta property=\"og:description\" content=\"Design moiti\u00e9 aluminium, moiti\u00e9 verre : innovation ou simple effet de mode ?L&rsquo;iPhone 17 Pro adopte un design combinant aluminium\" \/>\n<meta property=\"og:url\" content=\"https:\/\/tousbatterie.com\/blogs\/2024\/12\/05\/apple-iphone-17-pro-aura-un-ecran-ameliore-pour-ameliorer-lefficacite-de-la-batterie-et-la-durabilite-de-lecran\/\" \/>\n<meta property=\"og:site_name\" content=\"Tousbatterie Blog\" \/>\n<meta property=\"article:published_time\" content=\"2024-12-05T02:59:44+00:00\" \/>\n<meta property=\"article:modified_time\" content=\"2024-12-05T02:59:47+00:00\" \/>\n<meta property=\"og:image\" content=\"https:\/\/tousbatterie.com\/blogs\/wp-content\/uploads\/2024\/12\/QQ20241205-105801.png\" \/>\n\t<meta property=\"og:image:width\" content=\"674\" \/>\n\t<meta property=\"og:image:height\" content=\"329\" \/>\n\t<meta property=\"og:image:type\" content=\"image\/png\" \/>\n<meta name=\"author\" content=\"admin\" \/>\n<meta name=\"twitter:card\" content=\"summary_large_image\" \/>\n<meta name=\"twitter:label1\" content=\"\u00c9crit par\" \/>\n\t<meta name=\"twitter:data1\" content=\"admin\" \/>\n\t<meta name=\"twitter:label2\" content=\"Dur\u00e9e de lecture estim\u00e9e\" \/>\n\t<meta name=\"twitter:data2\" content=\"2 minutes\" \/>\n<script type=\"application\/ld+json\" class=\"yoast-schema-graph\">{\"@context\":\"https:\/\/schema.org\",\"@graph\":[{\"@type\":\"Article\",\"@id\":\"https:\/\/tousbatterie.com\/blogs\/2024\/12\/05\/apple-iphone-17-pro-aura-un-ecran-ameliore-pour-ameliorer-lefficacite-de-la-batterie-et-la-durabilite-de-lecran\/#article\",\"isPartOf\":{\"@id\":\"https:\/\/tousbatterie.com\/blogs\/2024\/12\/05\/apple-iphone-17-pro-aura-un-ecran-ameliore-pour-ameliorer-lefficacite-de-la-batterie-et-la-durabilite-de-lecran\/\"},\"author\":{\"name\":\"admin\",\"@id\":\"https:\/\/tousbatterie.com\/blogs\/#\/schema\/person\/a598a25baaef0054f739d21583632982\"},\"headline\":\"Apple iPhone 17 Pro aura un \u00e9cran am\u00e9lior\u00e9 pour am\u00e9liorer l&rsquo;efficacit\u00e9 de la batterie et la durabilit\u00e9 de l&rsquo;\u00e9cran\",\"datePublished\":\"2024-12-05T02:59:44+00:00\",\"dateModified\":\"2024-12-05T02:59:47+00:00\",\"mainEntityOfPage\":{\"@id\":\"https:\/\/tousbatterie.com\/blogs\/2024\/12\/05\/apple-iphone-17-pro-aura-un-ecran-ameliore-pour-ameliorer-lefficacite-de-la-batterie-et-la-durabilite-de-lecran\/\"},\"wordCount\":195,\"commentCount\":0,\"publisher\":{\"@id\":\"https:\/\/tousbatterie.com\/blogs\/#\/schema\/person\/a598a25baaef0054f739d21583632982\"},\"image\":{\"@id\":\"https:\/\/tousbatterie.com\/blogs\/2024\/12\/05\/apple-iphone-17-pro-aura-un-ecran-ameliore-pour-ameliorer-lefficacite-de-la-batterie-et-la-durabilite-de-lecran\/#primaryimage\"},\"thumbnailUrl\":\"https:\/\/tousbatterie.com\/blogs\/wp-content\/uploads\/2024\/12\/QQ20241205-105801.png\",\"articleSection\":[\"Science Populaire\"],\"inLanguage\":\"fr-FR\",\"potentialAction\":[{\"@type\":\"CommentAction\",\"name\":\"Comment\",\"target\":[\"https:\/\/tousbatterie.com\/blogs\/2024\/12\/05\/apple-iphone-17-pro-aura-un-ecran-ameliore-pour-ameliorer-lefficacite-de-la-batterie-et-la-durabilite-de-lecran\/#respond\"]}]},{\"@type\":\"WebPage\",\"@id\":\"https:\/\/tousbatterie.com\/blogs\/2024\/12\/05\/apple-iphone-17-pro-aura-un-ecran-ameliore-pour-ameliorer-lefficacite-de-la-batterie-et-la-durabilite-de-lecran\/\",\"url\":\"https:\/\/tousbatterie.com\/blogs\/2024\/12\/05\/apple-iphone-17-pro-aura-un-ecran-ameliore-pour-ameliorer-lefficacite-de-la-batterie-et-la-durabilite-de-lecran\/\",\"name\":\"Apple iPhone 17 Pro aura un \u00e9cran am\u00e9lior\u00e9 pour am\u00e9liorer l'efficacit\u00e9 de la batterie et la durabilit\u00e9 de l'\u00e9cran - Tousbatterie Blog\",\"isPartOf\":{\"@id\":\"https:\/\/tousbatterie.com\/blogs\/#website\"},\"primaryImageOfPage\":{\"@id\":\"https:\/\/tousbatterie.com\/blogs\/2024\/12\/05\/apple-iphone-17-pro-aura-un-ecran-ameliore-pour-ameliorer-lefficacite-de-la-batterie-et-la-durabilite-de-lecran\/#primaryimage\"},\"image\":{\"@id\":\"https:\/\/tousbatterie.com\/blogs\/2024\/12\/05\/apple-iphone-17-pro-aura-un-ecran-ameliore-pour-ameliorer-lefficacite-de-la-batterie-et-la-durabilite-de-lecran\/#primaryimage\"},\"thumbnailUrl\":\"https:\/\/tousbatterie.com\/blogs\/wp-content\/uploads\/2024\/12\/QQ20241205-105801.png\",\"datePublished\":\"2024-12-05T02:59:44+00:00\",\"dateModified\":\"2024-12-05T02:59:47+00:00\",\"breadcrumb\":{\"@id\":\"https:\/\/tousbatterie.com\/blogs\/2024\/12\/05\/apple-iphone-17-pro-aura-un-ecran-ameliore-pour-ameliorer-lefficacite-de-la-batterie-et-la-durabilite-de-lecran\/#breadcrumb\"},\"inLanguage\":\"fr-FR\",\"potentialAction\":[{\"@type\":\"ReadAction\",\"target\":[\"https:\/\/tousbatterie.com\/blogs\/2024\/12\/05\/apple-iphone-17-pro-aura-un-ecran-ameliore-pour-ameliorer-lefficacite-de-la-batterie-et-la-durabilite-de-lecran\/\"]}]},{\"@type\":\"ImageObject\",\"inLanguage\":\"fr-FR\",\"@id\":\"https:\/\/tousbatterie.com\/blogs\/2024\/12\/05\/apple-iphone-17-pro-aura-un-ecran-ameliore-pour-ameliorer-lefficacite-de-la-batterie-et-la-durabilite-de-lecran\/#primaryimage\",\"url\":\"https:\/\/tousbatterie.com\/blogs\/wp-content\/uploads\/2024\/12\/QQ20241205-105801.png\",\"contentUrl\":\"https:\/\/tousbatterie.com\/blogs\/wp-content\/uploads\/2024\/12\/QQ20241205-105801.png\",\"width\":674,\"height\":329},{\"@type\":\"BreadcrumbList\",\"@id\":\"https:\/\/tousbatterie.com\/blogs\/2024\/12\/05\/apple-iphone-17-pro-aura-un-ecran-ameliore-pour-ameliorer-lefficacite-de-la-batterie-et-la-durabilite-de-lecran\/#breadcrumb\",\"itemListElement\":[{\"@type\":\"ListItem\",\"position\":1,\"name\":\"Home\",\"item\":\"https:\/\/tousbatterie.com\/blogs\/\"},{\"@type\":\"ListItem\",\"position\":2,\"name\":\"Apple iPhone 17 Pro aura un \u00e9cran am\u00e9lior\u00e9 pour am\u00e9liorer l&rsquo;efficacit\u00e9 de la batterie et la durabilit\u00e9 de l&rsquo;\u00e9cran\"}]},{\"@type\":\"WebSite\",\"@id\":\"https:\/\/tousbatterie.com\/blogs\/#website\",\"url\":\"https:\/\/tousbatterie.com\/blogs\/\",\"name\":\"https:\/\/www.tousbatterie.com\/\",\"description\":\"Batteries sp\u00e9ciales pour mat\u00e9riel professionnel avec longue dur\u00e9e de vie et grande capacit\u00e9.\",\"publisher\":{\"@id\":\"https:\/\/tousbatterie.com\/blogs\/#\/schema\/person\/a598a25baaef0054f739d21583632982\"},\"potentialAction\":[{\"@type\":\"SearchAction\",\"target\":{\"@type\":\"EntryPoint\",\"urlTemplate\":\"https:\/\/tousbatterie.com\/blogs\/?s={search_term_string}\"},\"query-input\":{\"@type\":\"PropertyValueSpecification\",\"valueRequired\":true,\"valueName\":\"search_term_string\"}}],\"inLanguage\":\"fr-FR\"},{\"@type\":[\"Person\",\"Organization\"],\"@id\":\"https:\/\/tousbatterie.com\/blogs\/#\/schema\/person\/a598a25baaef0054f739d21583632982\",\"name\":\"admin\",\"image\":{\"@type\":\"ImageObject\",\"inLanguage\":\"fr-FR\",\"@id\":\"https:\/\/tousbatterie.com\/blogs\/#\/schema\/person\/image\/\",\"url\":\"https:\/\/tousbatterie.com\/blogs\/wp-content\/uploads\/2024\/11\/Batterie.jpg\",\"contentUrl\":\"https:\/\/tousbatterie.com\/blogs\/wp-content\/uploads\/2024\/11\/Batterie.jpg\",\"width\":730,\"height\":593,\"caption\":\"admin\"},\"logo\":{\"@id\":\"https:\/\/tousbatterie.com\/blogs\/#\/schema\/person\/image\/\"},\"sameAs\":[\"https:\/\/tousbatterie.com\/blogs\"],\"url\":\"https:\/\/tousbatterie.com\/blogs\/author\/admin\/\"}]}<\/script>\n<!-- \/ Yoast SEO plugin. -->","yoast_head_json":{"title":"Apple iPhone 17 Pro aura un \u00e9cran am\u00e9lior\u00e9 pour am\u00e9liorer l'efficacit\u00e9 de la batterie et la durabilit\u00e9 de l'\u00e9cran - Tousbatterie Blog","robots":{"index":"index","follow":"follow","max-snippet":"max-snippet:-1","max-image-preview":"max-image-preview:large","max-video-preview":"max-video-preview:-1"},"canonical":"https:\/\/tousbatterie.com\/blogs\/2024\/12\/05\/apple-iphone-17-pro-aura-un-ecran-ameliore-pour-ameliorer-lefficacite-de-la-batterie-et-la-durabilite-de-lecran\/","og_locale":"fr_FR","og_type":"article","og_title":"Apple iPhone 17 Pro aura un \u00e9cran am\u00e9lior\u00e9 pour am\u00e9liorer l'efficacit\u00e9 de la batterie et la durabilit\u00e9 de l'\u00e9cran - Tousbatterie Blog","og_description":"Design moiti\u00e9 aluminium, moiti\u00e9 verre : innovation ou simple effet de mode ?L&rsquo;iPhone 17 Pro adopte un design combinant aluminium","og_url":"https:\/\/tousbatterie.com\/blogs\/2024\/12\/05\/apple-iphone-17-pro-aura-un-ecran-ameliore-pour-ameliorer-lefficacite-de-la-batterie-et-la-durabilite-de-lecran\/","og_site_name":"Tousbatterie Blog","article_published_time":"2024-12-05T02:59:44+00:00","article_modified_time":"2024-12-05T02:59:47+00:00","og_image":[{"width":674,"height":329,"url":"https:\/\/tousbatterie.com\/blogs\/wp-content\/uploads\/2024\/12\/QQ20241205-105801.png","type":"image\/png"}],"author":"admin","twitter_card":"summary_large_image","twitter_misc":{"\u00c9crit par":"admin","Dur\u00e9e de lecture estim\u00e9e":"2 minutes"},"schema":{"@context":"https:\/\/schema.org","@graph":[{"@type":"Article","@id":"https:\/\/tousbatterie.com\/blogs\/2024\/12\/05\/apple-iphone-17-pro-aura-un-ecran-ameliore-pour-ameliorer-lefficacite-de-la-batterie-et-la-durabilite-de-lecran\/#article","isPartOf":{"@id":"https:\/\/tousbatterie.com\/blogs\/2024\/12\/05\/apple-iphone-17-pro-aura-un-ecran-ameliore-pour-ameliorer-lefficacite-de-la-batterie-et-la-durabilite-de-lecran\/"},"author":{"name":"admin","@id":"https:\/\/tousbatterie.com\/blogs\/#\/schema\/person\/a598a25baaef0054f739d21583632982"},"headline":"Apple iPhone 17 Pro aura un \u00e9cran am\u00e9lior\u00e9 pour am\u00e9liorer l&rsquo;efficacit\u00e9 de la batterie et la durabilit\u00e9 de l&rsquo;\u00e9cran","datePublished":"2024-12-05T02:59:44+00:00","dateModified":"2024-12-05T02:59:47+00:00","mainEntityOfPage":{"@id":"https:\/\/tousbatterie.com\/blogs\/2024\/12\/05\/apple-iphone-17-pro-aura-un-ecran-ameliore-pour-ameliorer-lefficacite-de-la-batterie-et-la-durabilite-de-lecran\/"},"wordCount":195,"commentCount":0,"publisher":{"@id":"https:\/\/tousbatterie.com\/blogs\/#\/schema\/person\/a598a25baaef0054f739d21583632982"},"image":{"@id":"https:\/\/tousbatterie.com\/blogs\/2024\/12\/05\/apple-iphone-17-pro-aura-un-ecran-ameliore-pour-ameliorer-lefficacite-de-la-batterie-et-la-durabilite-de-lecran\/#primaryimage"},"thumbnailUrl":"https:\/\/tousbatterie.com\/blogs\/wp-content\/uploads\/2024\/12\/QQ20241205-105801.png","articleSection":["Science Populaire"],"inLanguage":"fr-FR","potentialAction":[{"@type":"CommentAction","name":"Comment","target":["https:\/\/tousbatterie.com\/blogs\/2024\/12\/05\/apple-iphone-17-pro-aura-un-ecran-ameliore-pour-ameliorer-lefficacite-de-la-batterie-et-la-durabilite-de-lecran\/#respond"]}]},{"@type":"WebPage","@id":"https:\/\/tousbatterie.com\/blogs\/2024\/12\/05\/apple-iphone-17-pro-aura-un-ecran-ameliore-pour-ameliorer-lefficacite-de-la-batterie-et-la-durabilite-de-lecran\/","url":"https:\/\/tousbatterie.com\/blogs\/2024\/12\/05\/apple-iphone-17-pro-aura-un-ecran-ameliore-pour-ameliorer-lefficacite-de-la-batterie-et-la-durabilite-de-lecran\/","name":"Apple iPhone 17 Pro aura un \u00e9cran am\u00e9lior\u00e9 pour am\u00e9liorer l'efficacit\u00e9 de la batterie et la durabilit\u00e9 de l'\u00e9cran - Tousbatterie Blog","isPartOf":{"@id":"https:\/\/tousbatterie.com\/blogs\/#website"},"primaryImageOfPage":{"@id":"https:\/\/tousbatterie.com\/blogs\/2024\/12\/05\/apple-iphone-17-pro-aura-un-ecran-ameliore-pour-ameliorer-lefficacite-de-la-batterie-et-la-durabilite-de-lecran\/#primaryimage"},"image":{"@id":"https:\/\/tousbatterie.com\/blogs\/2024\/12\/05\/apple-iphone-17-pro-aura-un-ecran-ameliore-pour-ameliorer-lefficacite-de-la-batterie-et-la-durabilite-de-lecran\/#primaryimage"},"thumbnailUrl":"https:\/\/tousbatterie.com\/blogs\/wp-content\/uploads\/2024\/12\/QQ20241205-105801.png","datePublished":"2024-12-05T02:59:44+00:00","dateModified":"2024-12-05T02:59:47+00:00","breadcrumb":{"@id":"https:\/\/tousbatterie.com\/blogs\/2024\/12\/05\/apple-iphone-17-pro-aura-un-ecran-ameliore-pour-ameliorer-lefficacite-de-la-batterie-et-la-durabilite-de-lecran\/#breadcrumb"},"inLanguage":"fr-FR","potentialAction":[{"@type":"ReadAction","target":["https:\/\/tousbatterie.com\/blogs\/2024\/12\/05\/apple-iphone-17-pro-aura-un-ecran-ameliore-pour-ameliorer-lefficacite-de-la-batterie-et-la-durabilite-de-lecran\/"]}]},{"@type":"ImageObject","inLanguage":"fr-FR","@id":"https:\/\/tousbatterie.com\/blogs\/2024\/12\/05\/apple-iphone-17-pro-aura-un-ecran-ameliore-pour-ameliorer-lefficacite-de-la-batterie-et-la-durabilite-de-lecran\/#primaryimage","url":"https:\/\/tousbatterie.com\/blogs\/wp-content\/uploads\/2024\/12\/QQ20241205-105801.png","contentUrl":"https:\/\/tousbatterie.com\/blogs\/wp-content\/uploads\/2024\/12\/QQ20241205-105801.png","width":674,"height":329},{"@type":"BreadcrumbList","@id":"https:\/\/tousbatterie.com\/blogs\/2024\/12\/05\/apple-iphone-17-pro-aura-un-ecran-ameliore-pour-ameliorer-lefficacite-de-la-batterie-et-la-durabilite-de-lecran\/#breadcrumb","itemListElement":[{"@type":"ListItem","position":1,"name":"Home","item":"https:\/\/tousbatterie.com\/blogs\/"},{"@type":"ListItem","position":2,"name":"Apple iPhone 17 Pro aura un \u00e9cran am\u00e9lior\u00e9 pour am\u00e9liorer l&rsquo;efficacit\u00e9 de la batterie et la durabilit\u00e9 de l&rsquo;\u00e9cran"}]},{"@type":"WebSite","@id":"https:\/\/tousbatterie.com\/blogs\/#website","url":"https:\/\/tousbatterie.com\/blogs\/","name":"https:\/\/www.tousbatterie.com\/","description":"Batteries sp\u00e9ciales pour mat\u00e9riel professionnel avec longue dur\u00e9e de vie et grande capacit\u00e9.","publisher":{"@id":"https:\/\/tousbatterie.com\/blogs\/#\/schema\/person\/a598a25baaef0054f739d21583632982"},"potentialAction":[{"@type":"SearchAction","target":{"@type":"EntryPoint","urlTemplate":"https:\/\/tousbatterie.com\/blogs\/?s={search_term_string}"},"query-input":{"@type":"PropertyValueSpecification","valueRequired":true,"valueName":"search_term_string"}}],"inLanguage":"fr-FR"},{"@type":["Person","Organization"],"@id":"https:\/\/tousbatterie.com\/blogs\/#\/schema\/person\/a598a25baaef0054f739d21583632982","name":"admin","image":{"@type":"ImageObject","inLanguage":"fr-FR","@id":"https:\/\/tousbatterie.com\/blogs\/#\/schema\/person\/image\/","url":"https:\/\/tousbatterie.com\/blogs\/wp-content\/uploads\/2024\/11\/Batterie.jpg","contentUrl":"https:\/\/tousbatterie.com\/blogs\/wp-content\/uploads\/2024\/11\/Batterie.jpg","width":730,"height":593,"caption":"admin"},"logo":{"@id":"https:\/\/tousbatterie.com\/blogs\/#\/schema\/person\/image\/"},"sameAs":["https:\/\/tousbatterie.com\/blogs"],"url":"https:\/\/tousbatterie.com\/blogs\/author\/admin\/"}]}},"_links":{"self":[{"href":"https:\/\/tousbatterie.com\/blogs\/wp-json\/wp\/v2\/posts\/268","targetHints":{"allow":["GET"]}}],"collection":[{"href":"https:\/\/tousbatterie.com\/blogs\/wp-json\/wp\/v2\/posts"}],"about":[{"href":"https:\/\/tousbatterie.com\/blogs\/wp-json\/wp\/v2\/types\/post"}],"author":[{"embeddable":true,"href":"https:\/\/tousbatterie.com\/blogs\/wp-json\/wp\/v2\/users\/1"}],"replies":[{"embeddable":true,"href":"https:\/\/tousbatterie.com\/blogs\/wp-json\/wp\/v2\/comments?post=268"}],"version-history":[{"count":1,"href":"https:\/\/tousbatterie.com\/blogs\/wp-json\/wp\/v2\/posts\/268\/revisions"}],"predecessor-version":[{"id":270,"href":"https:\/\/tousbatterie.com\/blogs\/wp-json\/wp\/v2\/posts\/268\/revisions\/270"}],"wp:attachment":[{"href":"https:\/\/tousbatterie.com\/blogs\/wp-json\/wp\/v2\/media?parent=268"}],"wp:term":[{"taxonomy":"category","embeddable":true,"href":"https:\/\/tousbatterie.com\/blogs\/wp-json\/wp\/v2\/categories?post=268"},{"taxonomy":"post_tag","embeddable":true,"href":"https:\/\/tousbatterie.com\/blogs\/wp-json\/wp\/v2\/tags?post=268"}],"curies":[{"name":"wp","href":"https:\/\/api.w.org\/{rel}","templated":true}]}}